{"id":209999,"date":"2023-02-06T22:13:17","date_gmt":"2023-02-07T01:13:17","guid":{"rendered":"https:\/\/diarioregionaldigital.com.br\/?p=209999"},"modified":"2023-02-06T22:13:17","modified_gmt":"2023-02-07T01:13:17","slug":"athletico-pr-e-coritiba-empatam-em-classico-marcado-por-confusao","status":"publish","type":"post","link":"https:\/\/diarioregionaldigital.com.br\/?p=209999","title":{"rendered":"Athletico-PR e Coritiba empatam em cl\u00e1ssico marcado por confus\u00e3o"},"content":{"rendered":"<p>O Athletico-PR arrancou um empate em cl\u00e1ssico com o Coritiba e manteve a ponta da classifica\u00e7\u00e3o do Campeonato Paranaense. A partida, disputada neste domingo (5) na Arena da Baixada, em Curitiba, foi marcada tamb\u00e9m por uma confus\u00e3o nos minutos finais.<img decoding=\"async\" src=\"https:\/\/agenciabrasil.ebc.com.br\/ebc.png?id=1508410&amp;o=node\" \/><img decoding=\"async\" src=\"https:\/\/agenciabrasil.ebc.com.br\/ebc.gif?id=1508410&amp;o=node\" \/><\/p>\n<p>Ap\u00f3s o primeiro Atletiba de 2023, o Furac\u00e3o chegou aos 19 pontos, dois a mais do que o Coxa, que ocupa a vice-lideran\u00e7a da classifica\u00e7\u00e3o.<\/p>\n<p>Os melhores momentos da partida se concentraram na etapa inicial, quando o Coritiba abriu o placar com o atacante Kaio C\u00e9sar, que finalizou com viol\u00eancia uma jogada coletiva aos 16 minutos. E, aos 24 minutos, o Athletico-PR igualou com Pablo, que bateu na sa\u00edda do goleiro Gabriel ap\u00f3s boa trama com o uruguaio Terans.<\/p>\n<p>J\u00e1 o segundo tempo acabou ficando marcado por uma grande confus\u00e3o nos \u00faltimos minutos da partida que envolveu v\u00e1rios atletas das duas equipes.<\/p>\n<p><span style=\"font-weight: 400;\"><br \/>\n<\/span><span style=\"font-weight: 400;\">Fonte: Ag\u00eancia Brasil\u00a0<\/span><span style=\"font-weight: 400;\"><br \/>\n<\/span><\/p>\n","protected":false},"excerpt":{"rendered":"<p>O Athletico-PR arrancou um empate em cl\u00e1ssico com o Coritiba e manteve a ponta da classifica\u00e7\u00e3o do Campeonato Paranaense. A partida, disputada neste domingo (5) na Arena da Baixada, em Curitiba, foi marcada tamb\u00e9m por uma confus\u00e3o nos minutos finais. Ap\u00f3s o primeiro Atletiba de 2023, o Furac\u00e3o chegou aos 19 pontos, dois a mais [&hellip;]<\/p>\n","protected":false},"author":246,"featured_media":210000,"comment_status":"closed","ping_status":"closed","sticky":false,"template":"","format":"standard","meta":{"footnotes":""},"categories":[436,257,439],"tags":[],"class_list":["post-209999","post","type-post","status-publish","format-standard","has-post-thumbnail","hentry","category-destaque-da-semana","category-esporte","category-ultima-hora"],"_links":{"self":[{"href":"https:\/\/diarioregionaldigital.com.br\/index.php?rest_route=\/wp\/v2\/posts\/209999","targetHints":{"allow":["GET"]}}],"collection":[{"href":"https:\/\/diarioregionaldigital.com.br\/index.php?rest_route=\/wp\/v2\/posts"}],"about":[{"href":"https:\/\/diarioregionaldigital.com.br\/index.php?rest_route=\/wp\/v2\/types\/post"}],"author":[{"embeddable":true,"href":"https:\/\/diarioregionaldigital.com.br\/index.php?rest_route=\/wp\/v2\/users\/246"}],"replies":[{"embeddable":true,"href":"https:\/\/diarioregionaldigital.com.br\/index.php?rest_route=%2Fwp%2Fv2%2Fcomments&post=209999"}],"version-history":[{"count":1,"href":"https:\/\/diarioregionaldigital.com.br\/index.php?rest_route=\/wp\/v2\/posts\/209999\/revisions"}],"predecessor-version":[{"id":210001,"href":"https:\/\/diarioregionaldigital.com.br\/index.php?rest_route=\/wp\/v2\/posts\/209999\/revisions\/210001"}],"wp:featuredmedia":[{"embeddable":true,"href":"https:\/\/diarioregionaldigital.com.br\/index.php?rest_route=\/wp\/v2\/media\/210000"}],"wp:attachment":[{"href":"https:\/\/diarioregionaldigital.com.br\/index.php?rest_route=%2Fwp%2Fv2%2Fmedia&parent=209999"}],"wp:term":[{"taxonomy":"category","embeddable":true,"href":"https:\/\/diarioregionaldigital.com.br\/index.php?rest_route=%2Fwp%2Fv2%2Fcategories&post=209999"},{"taxonomy":"post_tag","embeddable":true,"href":"https:\/\/diarioregionaldigital.com.br\/index.php?rest_route=%2Fwp%2Fv2%2Ftags&post=209999"}],"curies":[{"name":"wp","href":"https:\/\/api.w.org\/{rel}","templated":true}]}}