{"id":209993,"date":"2023-02-06T22:04:55","date_gmt":"2023-02-07T01:04:55","guid":{"rendered":"https:\/\/diarioregionaldigital.com.br\/?p=209993"},"modified":"2023-02-06T22:04:55","modified_gmt":"2023-02-07T01:04:55","slug":"moraes-tentaram-me-dar-um-cartao-vermelho-mas-o-var-nao-permitiu","status":"publish","type":"post","link":"https:\/\/diarioregionaldigital.com.br\/?p=209993","title":{"rendered":"Moraes: tentaram me dar um cart\u00e3o vermelho, mas o VAR n\u00e3o permitiu"},"content":{"rendered":"<p>O ministro do Supremo Tribunal Federal (STF)\u00a0Alexandre de Moraes\u00a0esclareceu hoje\u00a0(3) que o senador Marcos do Val o procurou para revelar a exist\u00eancia de um suposto plano para constranger o ministro\u00a0e, assim, impedi-lo de seguir \u00e0 frente das investiga\u00e7\u00f5es que apuram a divulga\u00e7\u00e3o de not\u00edcias falsas (<em>fake news<\/em>) e os ataques a ministros da Corte.<img decoding=\"async\" src=\"https:\/\/agenciabrasil.ebc.com.br\/ebc.png?id=1508103&amp;o=node\" \/><img decoding=\"async\" src=\"https:\/\/agenciabrasil.ebc.com.br\/ebc.gif?id=1508103&amp;o=node\" \/><\/p>\n<p>\u201cAssim como in\u00fameros parlamentares, ele [do Val] solicitou uma audi\u00eancia. Eu o recebi no sal\u00e3o branco e o que ele me disse foi que o deputado Daniel Silveira o teria procurado e ele teria [ent\u00e3o] participado de uma reuni\u00e3o com o [ex-]presidente da Rep\u00fablica [Jair Bolsonaro]\u201d, disse Moraes ao participar, por v\u00eddeo, de um evento realizado pela Lide, em Lisboa.<\/p>\n<p>Segundo o ministro, do Val contou que Silveira e outras pessoas pr\u00f3ximas a Bolsonaro planejavam delegar a algu\u00e9m em quem Moraes confiasse a miss\u00e3o de gravar uma conversa com o ministro, tentando obter algo comprometedor. O senador do Val seria esta pessoa, ainda que Moraes garanta que os dois n\u00e3o s\u00e3o pr\u00f3ximos, s\u00f3 tendo estado juntos em tr\u00eas ocasi\u00f5es.<\/p>\n<p>\u201cA ideia genial que tiveram foi colocar uma escuta no senador [do Val] para que ele, que n\u00e3o tem nenhuma intimidade comigo, me gravasse para que, com isso, pudessem solicitar a minha retirada da presid\u00eancia dos inqu\u00e9ritos\u201d, acrescentou Moraes.<\/p>\n<p>\u201cIndaguei ao senador se ele reafirmaria isso e colocaria no papel [pois, desta forma] eu tomaria seu depoimento imediatamente. Ele me disse que, infelizmente, n\u00e3o poderia confirmar [o relato oficialmente]. Ent\u00e3o, me levantei, me despedi e agradeci a presen\u00e7a do senador. Porque, para mim, o que n\u00e3o \u00e9 oficial n\u00e3o existe\u201d, continuou o ministro.<\/p>\n<p>Apesar da recusa inicial, o senador acabou por revelar a hist\u00f3ria \u00e0 revista Veja \u2013 que a transformou na mat\u00e9ria de capa da edi\u00e7\u00e3o que circula a partir de\u00a0hoje. Antes que a revista chegasse \u00e0s bancas, do Val falou sobre o assunto em uma transmiss\u00e3o ao vivo, em seu perfil no Instagram. Durante a\u00a0<em>live<\/em>, ele chegou inclusive a anunciar que planejava deixar a atua\u00e7\u00e3o pol\u00edtico partid\u00e1ria.<\/p>\n<p>Diante da repercuss\u00e3o das declara\u00e7\u00f5es de do Val, o pr\u00f3prio ministro Alexandre de Moraes determinou que a Pol\u00edcia Federal colhesse seu depoimento \u2013 o que foi feito ontem (2).\u00a0Hoje, Moraes disse que \u201ctudo ainda est\u00e1 sendo apurado\u201d, mas ridicularizou o suposto plano para constrang\u00ea-lo.<\/p>\n<p>\u201cEsta tentativa de uma opera\u00e7\u00e3o tabajara mostra exatamente o qu\u00e3o rid\u00edculo chegamos na tentativa de um golpe\u201d, comentou o ministro.<\/p>\n<h2>Cart\u00e3o vermelho<\/h2>\n<p>Presente no evento, o ex-ministro do Desenvolvimento, Ind\u00fastria e Com\u00e9rcio Exterior do governo Lula, Luiz Fernando Furlan, perguntou a Moraes sobre como as autoridades p\u00fablicas respons\u00e1veis por tomar decis\u00f5es \u00e0s vezes impopulares lidam com o reconhecimento p\u00fablico e o consequente risco de serem v\u00edtimas de agress\u00f5es. Furlan mencionou que Moraes \u00e9,\u00a0hoje, mais conhecido no Brasil que muitos jogadores de futebol, ao que o ministro rebateu dizendo ganhar \u201cbem menos\u201d que os atletas\u201d.<\/p>\n<p>&#8211; Mas ningu\u00e9m pode te dar um cart\u00e3o vermelho, ministro, brincou Furlan.<\/p>\n<p>&#8211; Tentaram me dar o cart\u00e3o vermelho, mas o VAR n\u00e3o permitiu, reagiu Moraes, se referindo ao assistente de v\u00eddeo usado para conferir penalidades no futebol.<\/p>\n<p>Ainda durante o evento, o ministro comentou que os financiadores da divulga\u00e7\u00e3o de informa\u00e7\u00f5es falsas e dos ataques aos Tr\u00eas Poderes que culminaram com a invas\u00e3o e a depreda\u00e7\u00e3o do Pal\u00e1cio do Planalto, do Congresso Nacional e da sede do SFT, no dia\u00a08 de janeiro, est\u00e3o sendo identificados. De acordo com Moraes, muitas dessas pessoas agem \u201cn\u00e3o s\u00f3 por ideologia, por gosto pol\u00edtico, mas sim por quest\u00f5es econ\u00f4micas, j\u00e1 que acabam sendo economicamente favorecidas\u201d.<\/p>\n<h2>Regulamenta\u00e7\u00e3o<\/h2>\n<p>O ministro tamb\u00e9m voltou a defender a regulamenta\u00e7\u00e3o das m\u00eddias sociais, explicando que, embora o assunto seja controverso e ainda n\u00e3o haja um exemplo mundial a ser seguido neste sentido, o principal objetivo, a ser ver, \u00e9 equiparar a atividade das empresas de tecnologia respons\u00e1veis por redes sociais \u00e0 de companhias de m\u00eddia tradicionais.<\/p>\n<p>\u201cO que se defende \u00e9 exatamente que as m\u00eddias sociais deixem de ser consideradas empresas de tecnologia, passando a ser responsabilizadas pelo que divulgam. Que estas empresas passem a\u00a0ter\u00a0a mesma responsabilidade que empresas de m\u00eddia que ganham e arrecadam com publicidade&#8221;, defende o ministro. &#8220;N\u00e3o se trata de analisar conte\u00fado previamente ou de estabelecer a necessidade de autoriza\u00e7\u00e3o para veicular algo \u2013 o que a Constitui\u00e7\u00e3o Federal jamais permitiria, mas quem tem a coragem de publicar discursos de \u00f3dio, antidemocr\u00e1tico, ofensas pessoais, deve\u00a0ter\u00a0a coragem de se responsabilizar. O bin\u00f4mio liberdade com responsabilidade vale para a m\u00eddia tradicional, televisiva e escrita e, a meu ver, deve tamb\u00e9m valer para as m\u00eddias sociais\u201d, defendeu Moraes.<\/p>\n<p><span style=\"font-weight: 400;\">Fonte: Ag\u00eancia Brasil <\/span><\/p>\n","protected":false},"excerpt":{"rendered":"<p>O ministro do Supremo Tribunal Federal (STF)\u00a0Alexandre de Moraes\u00a0esclareceu hoje\u00a0(3) que o senador Marcos do Val o procurou para revelar a exist\u00eancia de um suposto plano para constranger o ministro\u00a0e, assim, impedi-lo de seguir \u00e0 frente das investiga\u00e7\u00f5es que apuram a divulga\u00e7\u00e3o de not\u00edcias falsas (fake news) e os ataques a ministros da Corte. \u201cAssim [&hellip;]<\/p>\n","protected":false},"author":246,"featured_media":209994,"comment_status":"closed","ping_status":"closed","sticky":false,"template":"","format":"standard","meta":{"footnotes":""},"categories":[436,254,439],"tags":[],"class_list":["post-209993","post","type-post","status-publish","format-standard","has-post-thumbnail","hentry","category-destaque-da-semana","category-politica","category-ultima-hora"],"_links":{"self":[{"href":"https:\/\/diarioregionaldigital.com.br\/index.php?rest_route=\/wp\/v2\/posts\/209993","targetHints":{"allow":["GET"]}}],"collection":[{"href":"https:\/\/diarioregionaldigital.com.br\/index.php?rest_route=\/wp\/v2\/posts"}],"about":[{"href":"https:\/\/diarioregionaldigital.com.br\/index.php?rest_route=\/wp\/v2\/types\/post"}],"author":[{"embeddable":true,"href":"https:\/\/diarioregionaldigital.com.br\/index.php?rest_route=\/wp\/v2\/users\/246"}],"replies":[{"embeddable":true,"href":"https:\/\/diarioregionaldigital.com.br\/index.php?rest_route=%2Fwp%2Fv2%2Fcomments&post=209993"}],"version-history":[{"count":1,"href":"https:\/\/diarioregionaldigital.com.br\/index.php?rest_route=\/wp\/v2\/posts\/209993\/revisions"}],"predecessor-version":[{"id":209995,"href":"https:\/\/diarioregionaldigital.com.br\/index.php?rest_route=\/wp\/v2\/posts\/209993\/revisions\/209995"}],"wp:featuredmedia":[{"embeddable":true,"href":"https:\/\/diarioregionaldigital.com.br\/index.php?rest_route=\/wp\/v2\/media\/209994"}],"wp:attachment":[{"href":"https:\/\/diarioregionaldigital.com.br\/index.php?rest_route=%2Fwp%2Fv2%2Fmedia&parent=209993"}],"wp:term":[{"taxonomy":"category","embeddable":true,"href":"https:\/\/diarioregionaldigital.com.br\/index.php?rest_route=%2Fwp%2Fv2%2Fcategories&post=209993"},{"taxonomy":"post_tag","embeddable":true,"href":"https:\/\/diarioregionaldigital.com.br\/index.php?rest_route=%2Fwp%2Fv2%2Ftags&post=209993"}],"curies":[{"name":"wp","href":"https:\/\/api.w.org\/{rel}","templated":true}]}}