{"id":209989,"date":"2023-02-06T22:03:29","date_gmt":"2023-02-07T01:03:29","guid":{"rendered":"https:\/\/diarioregionaldigital.com.br\/?p=209989"},"modified":"2023-02-06T22:03:29","modified_gmt":"2023-02-07T01:03:29","slug":"medidas-provisorias-que-limitavam-gastos-com-cultura-perdem-validade","status":"publish","type":"post","link":"https:\/\/diarioregionaldigital.com.br\/?p=209989","title":{"rendered":"Medidas provis\u00f3rias que limitavam gastos com cultura perdem validade"},"content":{"rendered":"<p>Duas medidas provis\u00f3rias editadas pelo governo do ex-presidente Jair Bolsonaro perdem a validade neste domingo (5). Uma delas adiou repasses or\u00e7ament\u00e1rios aos setores da cultura e de eventos previstos nas leis Paulo Gustavo, Aldir Blanc 2 e no Programa Emergencial de Retomada do Setor de Eventos (Perse). O texto chegou a receber 44 emendas.<img decoding=\"async\" src=\"https:\/\/agenciabrasil.ebc.com.br\/ebc.png?id=1508159&amp;o=node\" \/><img decoding=\"async\" src=\"https:\/\/agenciabrasil.ebc.com.br\/ebc.gif?id=1508159&amp;o=node\" \/><\/p>\n<p>A outra, a MP 1.135\/2022, limitou o uso de recursos do Fundo Nacional de Desenvolvimento Cient\u00edfico e Tecnol\u00f3gico (FNDCT). Ela recebeu 15 emendas.<\/p>\n<p>Como n\u00e3o foram votadas na C\u00e2mara, as medidas provis\u00f3rias n\u00e3o chegaram a ser enviadas ao Senado para vota\u00e7\u00e3o.<\/p>\n<h2>Tramita\u00e7\u00e3o<\/h2>\n<p>Uma medida provis\u00f3ria vale por 60 dias, prorrog\u00e1veis por mais 60. Depois disso, caso n\u00e3o tenha sido votada nas duas Casas do Parlamento (C\u00e2mara e Senado), ela expira.<\/p>\n<p>A Constitui\u00e7\u00e3o determina que as rela\u00e7\u00f5es jur\u00eddicas estabelecidas por uma MP n\u00e3o aprovada podem ser definidas pelo Congresso, por meio de decreto legislativo. Se isso for feito at\u00e9 60 dias ap\u00f3s a caducidade, os atos praticados durante a vig\u00eancia da MP podem ser convalidados.<\/p>\n<p>Pelo menos outras 24 medidas provis\u00f3rias est\u00e3o pendentes de vota\u00e7\u00e3o no Congresso Nacional.<\/p>\n<h2>STF<\/h2>\n<p>Ontem, o Plen\u00e1rio do Supremo Tribunal Federal (STF)\u00a0<a href=\"https:\/\/agenciabrasil.ebc.com.br\/justica\/noticia\/2023-02\/stf-mantem-prorrogacao-da-lei-paulo-gustavo-ate-dezembro-de-2023\" target=\"_blank\" rel=\"noopener\">referendou liminar que assegurou o repasse<\/a>\u00a0de recursos ao setor cultural.<\/p>\n<p>A decis\u00e3o foi em resposta a a\u00e7\u00e3o, ajuizada pela Rede Sustentabilidade contra a MP 1.135\/2022. A MP chegou a ser suspensa por decis\u00e3o do STF, que restabeleceu a efic\u00e1cia da legisla\u00e7\u00e3o criada pelo Congresso Nacional para dar socorro emergencial ao setor afetado pela pandemia de covid-19.<\/p>\n<p>Mas a Rede informou posteriormente \u00e0 Corte que o Poder Executivo n\u00e3o providenciou a execu\u00e7\u00e3o or\u00e7ament\u00e1ria em tempo h\u00e1bil para o repasse de verbas para o setor cultural ainda em 2022. Diante disso, foi acolhido o pedido da Rede para assegurar que o socorro financeiro destinado pela legisla\u00e7\u00e3o ao setor possa ser utilizado no decorrer de 2023.<\/p>\n<p><span style=\"font-weight: 400;\"><br \/>\n<\/span><span style=\"font-weight: 400;\">Fonte: Ag\u00eancia Brasil <\/span><\/p>\n","protected":false},"excerpt":{"rendered":"<p>Duas medidas provis\u00f3rias editadas pelo governo do ex-presidente Jair Bolsonaro perdem a validade neste domingo (5). Uma delas adiou repasses or\u00e7ament\u00e1rios aos setores da cultura e de eventos previstos nas leis Paulo Gustavo, Aldir Blanc 2 e no Programa Emergencial de Retomada do Setor de Eventos (Perse). O texto chegou a receber 44 emendas. A [&hellip;]<\/p>\n","protected":false},"author":246,"featured_media":209990,"comment_status":"closed","ping_status":"closed","sticky":false,"template":"","format":"standard","meta":{"footnotes":""},"categories":[436,254,439],"tags":[],"class_list":["post-209989","post","type-post","status-publish","format-standard","has-post-thumbnail","hentry","category-destaque-da-semana","category-politica","category-ultima-hora"],"_links":{"self":[{"href":"https:\/\/diarioregionaldigital.com.br\/index.php?rest_route=\/wp\/v2\/posts\/209989","targetHints":{"allow":["GET"]}}],"collection":[{"href":"https:\/\/diarioregionaldigital.com.br\/index.php?rest_route=\/wp\/v2\/posts"}],"about":[{"href":"https:\/\/diarioregionaldigital.com.br\/index.php?rest_route=\/wp\/v2\/types\/post"}],"author":[{"embeddable":true,"href":"https:\/\/diarioregionaldigital.com.br\/index.php?rest_route=\/wp\/v2\/users\/246"}],"replies":[{"embeddable":true,"href":"https:\/\/diarioregionaldigital.com.br\/index.php?rest_route=%2Fwp%2Fv2%2Fcomments&post=209989"}],"version-history":[{"count":2,"href":"https:\/\/diarioregionaldigital.com.br\/index.php?rest_route=\/wp\/v2\/posts\/209989\/revisions"}],"predecessor-version":[{"id":209992,"href":"https:\/\/diarioregionaldigital.com.br\/index.php?rest_route=\/wp\/v2\/posts\/209989\/revisions\/209992"}],"wp:featuredmedia":[{"embeddable":true,"href":"https:\/\/diarioregionaldigital.com.br\/index.php?rest_route=\/wp\/v2\/media\/209990"}],"wp:attachment":[{"href":"https:\/\/diarioregionaldigital.com.br\/index.php?rest_route=%2Fwp%2Fv2%2Fmedia&parent=209989"}],"wp:term":[{"taxonomy":"category","embeddable":true,"href":"https:\/\/diarioregionaldigital.com.br\/index.php?rest_route=%2Fwp%2Fv2%2Fcategories&post=209989"},{"taxonomy":"post_tag","embeddable":true,"href":"https:\/\/diarioregionaldigital.com.br\/index.php?rest_route=%2Fwp%2Fv2%2Ftags&post=209989"}],"curies":[{"name":"wp","href":"https:\/\/api.w.org\/{rel}","templated":true}]}}