{"id":209976,"date":"2023-02-06T21:33:23","date_gmt":"2023-02-07T00:33:23","guid":{"rendered":"https:\/\/diarioregionaldigital.com.br\/?p=209976"},"modified":"2023-02-06T21:33:23","modified_gmt":"2023-02-07T00:33:23","slug":"mercadante-toma-posse-no-bndes-e-faz-discurso-em-defesa-da-democracia","status":"publish","type":"post","link":"https:\/\/diarioregionaldigital.com.br\/?p=209976","title":{"rendered":"Mercadante toma posse no BNDES e faz discurso em defesa da democracia"},"content":{"rendered":"<p>O presidente do Banco Nacional de Desenvolvimento Econ\u00f4mico e Social (BNDES), Aloizio\u00a0Mercadante, disse que lutou muito pela democratiza\u00e7\u00e3o do Brasil e que assume o cargo em um momento desafiador para o pa\u00eds, que sofreu a amea\u00e7a mais grave do Estado Democr\u00e1tico de Direito desde o fim da ditadura militar. Ao tomar posse hoje (6), na sede do banco, no Rio de Janeiro, Mercadante afirmou que\u00a0o respeito \u00e0 soberania do voto, \u00e0s institui\u00e7\u00f5es democr\u00e1ticas e \u00e0 Constitui\u00e7\u00e3o brasileira\u00a0\u201c\u00e9 uma exig\u00eancia fundamental para a nova diretoria do BNDES e para toda a sociedade brasileira\u00a0e, desta vez presidente, sem anistia\u201d, dirigindo-se ao presidente Luiz In\u00e1cio Lula da Silva, presente \u00e0 cerim\u00f4nia.<img decoding=\"async\" src=\"https:\/\/agenciabrasil.ebc.com.br\/ebc.png?id=1508600&amp;o=node\" \/><img decoding=\"async\" src=\"https:\/\/agenciabrasil.ebc.com.br\/ebc.gif?id=1508600&amp;o=node\" \/><\/p>\n<p>Mercadante destacou o papel do presidente na garantia da democracia no pa\u00eds. \u201cS\u00f3 a sua hist\u00f3ria, a qualidade dos seus governos, o seu compromisso com o pa\u00eds e a sua capacidade de construir alian\u00e7as poderiam derrotar o autoritarismo e retrocessos que amea\u00e7avam devastar conquistas civilizat\u00f3rias do povo brasileiro\u201d, disse, comentando ainda a &#8220;escolha acertada&#8221; de Geraldo Alckmin,\u00a0tamb\u00e9m presente \u00e0 posse, para a Vice-Presid\u00eancia da Rep\u00fablica.\u00a0\u201cUma escolha improv\u00e1vel e imprescind\u00edvel, que reuniu duas experi\u00eancias complementares para vit\u00f3ria eleitoral e para a uni\u00e3o e reconstru\u00e7\u00e3o do Brasil\u201d, destacou.<\/p>\n<p>De acordo com Mercadante, quando o presidente Lula subiu a rampa do Pal\u00e1cio do Planalto para este terceiro mandato, n\u00e3o estava sozinho. \u201cA mesma rampa que seria uma semana depois barbaramente violentada pelos golpistas\u00a0ele n\u00e3o subiu sozinho. Com ele, subiu a m\u00e3e desesperada sem ter o que dar de comer aos seus filhos. Com ele subiram 33 milh\u00f5es de brasileiros que passam fome e os 10 milh\u00f5es de desempregados. Com Lula subiram tamb\u00e9m dezenas de milh\u00f5es de trabalhadores que n\u00e3o t\u00eam direito a sal\u00e1rios dignos. Com ele, subiram negros e negras do Brasil, as v\u00edtimas do racismo estrutural profundo que massacra a vida e sonhos&#8221;, disse.<\/p>\n<p>&#8220;Com ele, subiram as mulheres do Brasil, v\u00edtimas de feminic\u00eddio e aquelas que ganham uma fra\u00e7\u00e3o dos sal\u00e1rios dos homens para fazer o mesmo trabalho. Com Lula, subiram os parentes e os amigos das 700 mil v\u00edtimas de covid abandonados por um governo negacionista. Com Lula, subiram Raoni e todos os yanomami esqu\u00e1lidos e doentes, v\u00edtimas apavorantes do governo genocida. Com ele subiram a rampa o poder e sonhos e anseios de todas e todos, pois s\u00e3o eles que est\u00e3o aqui agora. Basta enxergar quem era invis\u00edvel, basta ouvir as vozes que n\u00e3o eram escutadas. Lula s\u00e3o muitos e Lula s\u00e3o milh\u00f5es\u201d, completou.<\/p>\n<h2>BNDES<\/h2>\n<p>Segundo Mercadante, o BNDES \u00e9 o maior banco de desenvolvimento das Am\u00e9ricas e esteve na linha de frente para viabilizar financiamentos de longo prazo nos grandes ciclos de desenvolvimento do pa\u00eds. Entre os casos de sucesso, ele citou a fabricante de avi\u00f5es Embraer. \u201cApenas oito pa\u00edses\u00a0do mundo\u00a0t\u00eam capacidade tecnol\u00f3gica para produzir aeronaves e o Brasil \u00e9 um deles. Hoje a Embraer \u00e9 uma hist\u00f3ria de sucesso do talento brasileiro que contou, em\u00a0125 anos, com R$ 25 bilh\u00f5es em financiamento do BNDES para a exporta\u00e7\u00e3o de 1.275 avi\u00f5es para in\u00fameros pa\u00edses\u201d, ressaltou, completando que o banco tem que ter vis\u00e3o estrat\u00e9gica.<\/p>\n<h2>Exporta\u00e7\u00e3o<\/h2>\n<p>O planejamento da nova gest\u00e3o da institui\u00e7\u00e3o inclui apoio \u00e0s exporta\u00e7\u00f5es. De acordo com Mercadante,\u00a0o Brasil n\u00e3o pode ficar restrito a exporta\u00e7\u00e3o de produtos agr\u00edcolas, da qual \u00e9 um grande expoente. \u201cNoventa e oito por cento do mercado existente no mundo est\u00e1 fora do Brasil. Para sermos competitivos, as empresas brasileiras precisam disputar este mercado e ganhar escala, competitividade e efici\u00eancia. Essa \u00e9 uma pauta fundamental para o futuro do BNDES, da ind\u00fastria e do Brasil. Como tem dito o ministro [do Desenvolvimento, Ind\u00fastria, Com\u00e9rcio e Servi\u00e7os] Alckmin, sempre cobrando na nossa gest\u00e3o, n\u00f3s precisamos exportar\u201d, concluiu.<\/p>\n<p>Na vis\u00e3o de Mercadante, o BNDES deve apoiar o pr\u00e9 e o p\u00f3s-embarque\u00a0das exporta\u00e7\u00f5es de bens e produtos. \u201cNa verdade, presidente, n\u00f3s estamos desenvolvendo um projeto para a constitui\u00e7\u00e3o de um Eximbank [banco financiador de exporta\u00e7\u00f5es] no Brasil no BNDES, a exemplo que j\u00e1 existe nas principais economias do mundo\u201d, revelou.<\/p>\n<p>A nova gest\u00e3o, segundo o presidente do banco, vai apoiar com mais determina\u00e7\u00e3o o crescimento e a moderniza\u00e7\u00e3o das micro, pequenas e m\u00e9dias empresas, que s\u00e3o grandes geradoras de emprego e renda. \u201cO grande desafio do sucesso da agenda das micro, pequenas e m\u00e9dias empresas ser\u00e1 em parceria com o Congresso Nacional e o Minist\u00e9rio de Ci\u00eancia, Tecnologia e Niva\u00e7\u00e3o. Debateremos para ajustar a taxa de longo prazo, a TLP, que o BNDES utiliza hoje\u201d, comentou.<\/p>\n<h2>Meio ambiente<\/h2>\n<p>Mercadante defendeu ainda uma mudan\u00e7a radical no sistema econ\u00f4mico e financeiro para enfrentar a emerg\u00eancia clim\u00e1tica e social, sem a qual o planeta n\u00e3o tem chance de sobreviver e prosperar. \u201cEstamos muito perto de uma cat\u00e1strofe ambiental sem retorno, e a trag\u00e9dia social est\u00e1 por toda parte\u201d, disse, ao acrescentar\u00a0que o BNDES precisa apoiar a economia de baixo carbono.<\/p>\n<p>\u201cTransitar para uma economia de baixo carbono com empregos verdes e de baixa emiss\u00e3o \u00e9 um imperativo que orientar\u00e1 a estrat\u00e9gia do banco, mas precisamos fazer mais. N\u00e3o existir\u00e1 futuro sem preservar a Amaz\u00f4nia e outros biomas. Essa ser\u00e1 uma prioridade do BNDES para o futuro\u201d, disse.<\/p>\n<p>O vice-presidente e ministro\u00a0do Desenvolvimento, Ind\u00fastria, Com\u00e9rcio e Servi\u00e7os, Geraldo Alckmin, disse que o Brasil vive um otimismo porque voltou a ter representa\u00e7\u00e3o mundial e \u201c\u00e9 a bola da vez\u201d, com a elei\u00e7\u00e3o de Lula,\u00a0que, durante toda a campanha eleitoral, defendeu a estabilidade, previsibilidade, credibilidade e \u201cdemocracia sempre, ditadura nunca mais\u201d. Alckmin destacou ainda que o di\u00e1logo entre os Poderes da Rep\u00fablica e os tr\u00eas n\u00edveis de governo tamb\u00e9m contribuem para esse momento do pa\u00eds. \u201cTraz seguran\u00e7a jur\u00eddica fundamental para o investimento no nosso pa\u00eds. Ali\u00e1s, a elei\u00e7\u00e3o do\u00a0<a href=\"https:\/\/agenciabrasil.ebc.com.br\/politica\/noticia\/2023-02\/arthur-lira-e-reeleito-para-presidencia-da-camara-dos-deputados\" target=\"_blank\" rel=\"noopener\">presidente da C\u00e2mara<\/a>\u00a0e do\u00a0<a href=\"https:\/\/agenciabrasil.ebc.com.br\/politica\/noticia\/2023-02\/rodrigo-pacheco-e-reeleito-presidente-do-senado\" target=\"_blank\" rel=\"noopener\">presidente do Senado<\/a>\u00a0traduz esses momentos onde a base do governo foi fundamental e o di\u00e1logo construiu as duas elei\u00e7\u00f5es\u201d, contou.<\/p>\n<p>Na vis\u00e3o de Alckmin, as elei\u00e7\u00f5es nas duas casas ser\u00e3o importantes para o andamento da reforma tribut\u00e1ria. \u201cAmbos os presidentes se comprometeram em acelerar o encaminhamento da reforma tribut\u00e1ria fundamental, essencial para o florescimento da ind\u00fastria e efici\u00eancia econ\u00f4mica\u201d, afirmou.<\/p>\n<p><span style=\"font-weight: 400;\"><br \/>\n<\/span><span style=\"font-weight: 400;\">Fonte: Ag\u00eancia Brasil <\/span><\/p>\n","protected":false},"excerpt":{"rendered":"<p>O presidente do Banco Nacional de Desenvolvimento Econ\u00f4mico e Social (BNDES), Aloizio\u00a0Mercadante, disse que lutou muito pela democratiza\u00e7\u00e3o do Brasil e que assume o cargo em um momento desafiador para o pa\u00eds, que sofreu a amea\u00e7a mais grave do Estado Democr\u00e1tico de Direito desde o fim da ditadura militar. Ao tomar posse hoje (6), na [&hellip;]<\/p>\n","protected":false},"author":246,"featured_media":209977,"comment_status":"closed","ping_status":"closed","sticky":false,"template":"","format":"standard","meta":{"footnotes":""},"categories":[436,261,439],"tags":[],"class_list":["post-209976","post","type-post","status-publish","format-standard","has-post-thumbnail","hentry","category-destaque-da-semana","category-economia","category-ultima-hora"],"_links":{"self":[{"href":"https:\/\/diarioregionaldigital.com.br\/index.php?rest_route=\/wp\/v2\/posts\/209976","targetHints":{"allow":["GET"]}}],"collection":[{"href":"https:\/\/diarioregionaldigital.com.br\/index.php?rest_route=\/wp\/v2\/posts"}],"about":[{"href":"https:\/\/diarioregionaldigital.com.br\/index.php?rest_route=\/wp\/v2\/types\/post"}],"author":[{"embeddable":true,"href":"https:\/\/diarioregionaldigital.com.br\/index.php?rest_route=\/wp\/v2\/users\/246"}],"replies":[{"embeddable":true,"href":"https:\/\/diarioregionaldigital.com.br\/index.php?rest_route=%2Fwp%2Fv2%2Fcomments&post=209976"}],"version-history":[{"count":1,"href":"https:\/\/diarioregionaldigital.com.br\/index.php?rest_route=\/wp\/v2\/posts\/209976\/revisions"}],"predecessor-version":[{"id":209978,"href":"https:\/\/diarioregionaldigital.com.br\/index.php?rest_route=\/wp\/v2\/posts\/209976\/revisions\/209978"}],"wp:featuredmedia":[{"embeddable":true,"href":"https:\/\/diarioregionaldigital.com.br\/index.php?rest_route=\/wp\/v2\/media\/209977"}],"wp:attachment":[{"href":"https:\/\/diarioregionaldigital.com.br\/index.php?rest_route=%2Fwp%2Fv2%2Fmedia&parent=209976"}],"wp:term":[{"taxonomy":"category","embeddable":true,"href":"https:\/\/diarioregionaldigital.com.br\/index.php?rest_route=%2Fwp%2Fv2%2Fcategories&post=209976"},{"taxonomy":"post_tag","embeddable":true,"href":"https:\/\/diarioregionaldigital.com.br\/index.php?rest_route=%2Fwp%2Fv2%2Ftags&post=209976"}],"curies":[{"name":"wp","href":"https:\/\/api.w.org\/{rel}","templated":true}]}}