{"id":209973,"date":"2023-02-06T21:31:23","date_gmt":"2023-02-07T00:31:23","guid":{"rendered":"https:\/\/diarioregionaldigital.com.br\/?p=209973"},"modified":"2023-02-06T21:31:23","modified_gmt":"2023-02-07T00:31:23","slug":"com-presidente-do-tcu-prates-reforca-compromisso-de-transparencia","status":"publish","type":"post","link":"https:\/\/diarioregionaldigital.com.br\/?p=209973","title":{"rendered":"Com presidente do TCU, Prates refor\u00e7a compromisso de transpar\u00eancia"},"content":{"rendered":"<p>O presidente da Petrobras, Jean Paul Prates, se reuniu hoje (6) com o presidente do Tribunal de Contas da Uni\u00e3o (TCU), ministro Bruno Dantas, e o vice-presidente do TCU, ministro Vital do R\u00eago. Na sede da empresa, no Rio de Janeiro, ele refor\u00e7ou o compromisso de sua gest\u00e3o com o di\u00e1logo transparente e construtivo com os \u00f3rg\u00e3os de controle.<img decoding=\"async\" src=\"https:\/\/agenciabrasil.ebc.com.br\/ebc.png?id=1508649&amp;o=node\" \/><img decoding=\"async\" src=\"https:\/\/agenciabrasil.ebc.com.br\/ebc.gif?id=1508649&amp;o=node\" \/><\/p>\n<blockquote><p>\u201cEstamos desde j\u00e1 construindo um canal direto com Tribunal de Contas da Uni\u00e3o, visando uma gest\u00e3o transparente e adotando uma postura proativa perante o TCU. Levaremos de forma antecipada os assuntos relevantes da Petrobras para dirimir d\u00favidas e criar uma cultura de confian\u00e7a e colabora\u00e7\u00e3o entre as institui\u00e7\u00f5es\u201d, afirmou.<\/p><\/blockquote>\n<h2>Atribui\u00e7\u00f5es<\/h2>\n<p>O Tribunal de Contas da Uni\u00e3o \u00e9 respons\u00e1vel pela fiscaliza\u00e7\u00e3o de \u00f3rg\u00e3os e entidades p\u00fablicas em aspectos cont\u00e1beis, financeiros, or\u00e7ament\u00e1rios, entre outros. Como sociedade de economia mista, a Petrobras \u00e9 regularmente fiscalizada pelo \u00f3rg\u00e3o.<\/p>\n<p>Al\u00e9m do TCU, diversas outras institui\u00e7\u00f5es como a Controladoria Geral da Uni\u00e3o (CGU), a Comiss\u00e3o de Valores Imobili\u00e1rios (CVM) e a Ag\u00eancia Nacional do Petr\u00f3leo, G\u00e1s Natural e Biocombust\u00edveis (ANP) constituem o sistema de controle e fiscaliza\u00e7\u00e3o ao qual a companhia est\u00e1 submetida.<\/p>\n<p>Tamb\u00e9m participaram do encontro o advogado-geral da Uni\u00e3o, Jorge Messias, e o ministro do Desenvolvimento Agr\u00e1rio e Agricultura Familiar, Paulo Teixeira.<\/p>\n<p><span style=\"font-weight: 400;\">Fonte: Ag\u00eancia Brasil <\/span><\/p>\n","protected":false},"excerpt":{"rendered":"<p>O presidente da Petrobras, Jean Paul Prates, se reuniu hoje (6) com o presidente do Tribunal de Contas da Uni\u00e3o (TCU), ministro Bruno Dantas, e o vice-presidente do TCU, ministro Vital do R\u00eago. Na sede da empresa, no Rio de Janeiro, ele refor\u00e7ou o compromisso de sua gest\u00e3o com o di\u00e1logo transparente e construtivo com [&hellip;]<\/p>\n","protected":false},"author":246,"featured_media":209974,"comment_status":"closed","ping_status":"closed","sticky":false,"template":"","format":"standard","meta":{"footnotes":""},"categories":[436,261,439],"tags":[],"class_list":["post-209973","post","type-post","status-publish","format-standard","has-post-thumbnail","hentry","category-destaque-da-semana","category-economia","category-ultima-hora"],"_links":{"self":[{"href":"https:\/\/diarioregionaldigital.com.br\/index.php?rest_route=\/wp\/v2\/posts\/209973","targetHints":{"allow":["GET"]}}],"collection":[{"href":"https:\/\/diarioregionaldigital.com.br\/index.php?rest_route=\/wp\/v2\/posts"}],"about":[{"href":"https:\/\/diarioregionaldigital.com.br\/index.php?rest_route=\/wp\/v2\/types\/post"}],"author":[{"embeddable":true,"href":"https:\/\/diarioregionaldigital.com.br\/index.php?rest_route=\/wp\/v2\/users\/246"}],"replies":[{"embeddable":true,"href":"https:\/\/diarioregionaldigital.com.br\/index.php?rest_route=%2Fwp%2Fv2%2Fcomments&post=209973"}],"version-history":[{"count":1,"href":"https:\/\/diarioregionaldigital.com.br\/index.php?rest_route=\/wp\/v2\/posts\/209973\/revisions"}],"predecessor-version":[{"id":209975,"href":"https:\/\/diarioregionaldigital.com.br\/index.php?rest_route=\/wp\/v2\/posts\/209973\/revisions\/209975"}],"wp:featuredmedia":[{"embeddable":true,"href":"https:\/\/diarioregionaldigital.com.br\/index.php?rest_route=\/wp\/v2\/media\/209974"}],"wp:attachment":[{"href":"https:\/\/diarioregionaldigital.com.br\/index.php?rest_route=%2Fwp%2Fv2%2Fmedia&parent=209973"}],"wp:term":[{"taxonomy":"category","embeddable":true,"href":"https:\/\/diarioregionaldigital.com.br\/index.php?rest_route=%2Fwp%2Fv2%2Fcategories&post=209973"},{"taxonomy":"post_tag","embeddable":true,"href":"https:\/\/diarioregionaldigital.com.br\/index.php?rest_route=%2Fwp%2Fv2%2Ftags&post=209973"}],"curies":[{"name":"wp","href":"https:\/\/api.w.org\/{rel}","templated":true}]}}