{"id":209946,"date":"2023-02-03T18:32:32","date_gmt":"2023-02-03T21:32:32","guid":{"rendered":"https:\/\/diarioregionaldigital.com.br\/?p=209946"},"modified":"2023-02-03T18:32:32","modified_gmt":"2023-02-03T21:32:32","slug":"brasil-fecha-gp-de-portugal-de-judo-com-duas-pratas-e-um-bronze","status":"publish","type":"post","link":"https:\/\/diarioregionaldigital.com.br\/?p=209946","title":{"rendered":"Brasil fecha GP de Portugal de jud\u00f4 com duas pratas e um bronze"},"content":{"rendered":"<p>O Brasil encerrou a participa\u00e7\u00e3o no Grand Prix de Jud\u00f4 de Portugal com duas pratas e um bronze. No \u00faltimo dia de competi\u00e7\u00f5es, o experiente Rafael Silva \u201cBaby\u201d faturou a medalha de bronze em duelo com o compatriota Jo\u00e3o Cesarino pelo terceiro lugar no pesado masculino.<\/p>\n<p>Com as pratas de Rafaela Silva (57kg) e Gabriella Mantena (63kg) conquistadas na sexta e no s\u00e1bado, respectivamente, o jud\u00f4 brasileiro conclui a primeira competi\u00e7\u00e3o do ano com tr\u00eas p\u00f3dios e um come\u00e7o de temporada promissor.<\/p>\n<p>Parte da delega\u00e7\u00e3o continuar\u00e1 em Portugal participando de treinamento de campo nos pr\u00f3ximos dias. No final de semana seguinte, o Brasil volta ao tatame para a disputa do tradicional Grand Slam de Paris, nos dias 04 e 05 de fevereiro.<\/p>\n<p>O bronze em Portugal tem gostinho especial para Rafael Silva ap\u00f3s um 2022 dif\u00edcil em que ficou fora do p\u00f3dio no Mundial de Tashkent e no World Masters de Jerusal\u00e9m. Voltar a figurar entre os melhores de sua categoria com vit\u00f3rias sobre europeus e asi\u00e1ticos, certamente, trar\u00e1 confian\u00e7a para o brasileiro buscar mais resultados nessa temporada. Seu \u00faltimo p\u00f3dio foi a prata no Pan-Americano em abril de 2022. Aos 35 anos, Baby busca sua quarta participa\u00e7\u00e3o em Jogos Ol\u00edmpicos.<\/p>\n<p>&#8220;Estou feliz de come\u00e7ar o ano com medalha. Acredito que tenho bastante a contribuir ainda e a aprender. A temporada s\u00f3 est\u00e1 come\u00e7ando, mas \u00e9 preciso acelerar, porque o Mundial este ano \u00e9 mais cedo, em maio. Enfim, (estou) focado, aprendendo e apreciando o caminho&#8221;, resumiu Baby.<\/p>\n<p><strong>Mantena<\/strong><\/p>\n<p>A jovem Gabriella Mantena, de 22 anos, foi um dos destaques da delega\u00e7\u00e3o. Conquistou a prata na categoria meio-m\u00e9dio feminina (63kg) depois de vencer cinco lutas nas preliminares. Ela s\u00f3 parou na portuguesa Barbara Timo na final.<\/p>\n<p>\u201cFoi uma prata com gostinho de ouro. Nesta competi\u00e7\u00e3o me senti muito bem do in\u00edcio ao fim. Estava \u201cleve\u201d e foi uma competi\u00e7\u00e3o onde fiz \u00f3timas lutas. Consegui pontuar em 4 das 6 lutas. \u00c9 a minha primeira medalha no circuito mundial s\u00eanior e espero que esse seja s\u00f3 o in\u00edcio de muitas\u201d, resumiu Mantena.<\/p>\n<p>Fonte: Confedera\u00e7\u00e3o Brasileira de Jud\u00f4<\/p>\n","protected":false},"excerpt":{"rendered":"<p>O Brasil encerrou a participa\u00e7\u00e3o no Grand Prix de Jud\u00f4 de Portugal com duas pratas e um bronze. No \u00faltimo dia de competi\u00e7\u00f5es, o experiente Rafael Silva \u201cBaby\u201d faturou a medalha de bronze em duelo com o compatriota Jo\u00e3o Cesarino pelo terceiro lugar no pesado masculino. Com as pratas de Rafaela Silva (57kg) e Gabriella [&hellip;]<\/p>\n","protected":false},"author":246,"featured_media":209947,"comment_status":"closed","ping_status":"closed","sticky":false,"template":"","format":"standard","meta":{"footnotes":""},"categories":[436,257,439],"tags":[],"class_list":["post-209946","post","type-post","status-publish","format-standard","has-post-thumbnail","hentry","category-destaque-da-semana","category-esporte","category-ultima-hora"],"_links":{"self":[{"href":"https:\/\/diarioregionaldigital.com.br\/index.php?rest_route=\/wp\/v2\/posts\/209946","targetHints":{"allow":["GET"]}}],"collection":[{"href":"https:\/\/diarioregionaldigital.com.br\/index.php?rest_route=\/wp\/v2\/posts"}],"about":[{"href":"https:\/\/diarioregionaldigital.com.br\/index.php?rest_route=\/wp\/v2\/types\/post"}],"author":[{"embeddable":true,"href":"https:\/\/diarioregionaldigital.com.br\/index.php?rest_route=\/wp\/v2\/users\/246"}],"replies":[{"embeddable":true,"href":"https:\/\/diarioregionaldigital.com.br\/index.php?rest_route=%2Fwp%2Fv2%2Fcomments&post=209946"}],"version-history":[{"count":1,"href":"https:\/\/diarioregionaldigital.com.br\/index.php?rest_route=\/wp\/v2\/posts\/209946\/revisions"}],"predecessor-version":[{"id":209948,"href":"https:\/\/diarioregionaldigital.com.br\/index.php?rest_route=\/wp\/v2\/posts\/209946\/revisions\/209948"}],"wp:featuredmedia":[{"embeddable":true,"href":"https:\/\/diarioregionaldigital.com.br\/index.php?rest_route=\/wp\/v2\/media\/209947"}],"wp:attachment":[{"href":"https:\/\/diarioregionaldigital.com.br\/index.php?rest_route=%2Fwp%2Fv2%2Fmedia&parent=209946"}],"wp:term":[{"taxonomy":"category","embeddable":true,"href":"https:\/\/diarioregionaldigital.com.br\/index.php?rest_route=%2Fwp%2Fv2%2Fcategories&post=209946"},{"taxonomy":"post_tag","embeddable":true,"href":"https:\/\/diarioregionaldigital.com.br\/index.php?rest_route=%2Fwp%2Fv2%2Ftags&post=209946"}],"curies":[{"name":"wp","href":"https:\/\/api.w.org\/{rel}","templated":true}]}}