{"id":209943,"date":"2023-02-03T18:30:43","date_gmt":"2023-02-03T21:30:43","guid":{"rendered":"https:\/\/diarioregionaldigital.com.br\/?p=209943"},"modified":"2023-02-03T18:30:43","modified_gmt":"2023-02-03T21:30:43","slug":"cob-suspende-wallace-por-enquete-sugerindo-tiro-na-cara-de-lula","status":"publish","type":"post","link":"https:\/\/diarioregionaldigital.com.br\/?p=209943","title":{"rendered":"COB suspende Wallace por enquete sugerindo &#8220;tiro na cara de Lula&#8221;"},"content":{"rendered":"<p>O Conselho de \u00c9tica do Comit\u00ea Ol\u00edmpico Brasileiro (COB) suspendeu de forma cautelar o jogador de v\u00f4lei\u00a0Wallace Leandro de Souza, campe\u00e3o ol\u00edmpico pela sele\u00e7\u00e3o brasileira. O atleta tem a partir desta sexta-feira (3) cinco dias para apresentar sua defesa junto ao \u00f3rg\u00e3o. Na \u00faltima segunda-feira (30), em postagem em sua conta no Instagram, Wallace publicou uma foto sua com arma calibre 12 e abriu uma enquete perguntando \u201cDaria um tiro na cara do [presidente da rep\u00fablica] Lula com essa 12?\u201d.<img decoding=\"async\" src=\"https:\/\/agenciabrasil.ebc.com.br\/ebc.png?id=1508035&amp;o=node\" \/><img decoding=\"async\" src=\"https:\/\/agenciabrasil.ebc.com.br\/ebc.gif?id=1508035&amp;o=node\" \/><\/p>\n<p>No<a href=\"https:\/\/www.cob.org.br\/pt\/documentos\/download\/1292863d88b77\/\">\u00a0parecer oficial\u00a0<\/a>o conselheiro-relator Ney Belo acolheu a representa\u00e7\u00e3o da Advocacia-Geral da Uni\u00e3o (AGU) contra a conduta de Wallace, por promover, de forma p\u00fablica, incita\u00e7\u00e3o ao crime.<\/p>\n<blockquote><p>\u201cNo caso em an\u00e1lise, as ofensas, as incita\u00e7\u00f5es ao crime e as amea\u00e7as &#8211; ainda que algumas delas veladas j\u00e1 que postas em forma de pergunta ou interpret\u00e1veis por se tratar de imagem &#8211; foram todas elas praticadas contra a autoridade m\u00e1xima do pa\u00eds, que ocupa o posto em raz\u00e3o de processo eleitoral democr\u00e1tico e escorreito. Fica justificada processualmente, dessa forma, a interven\u00e7\u00e3o da Advocacia P\u00fablica nesse feito. Assim, fica acolhida a participa\u00e7\u00e3o processual da Advocacia Geral da Uni\u00e3o (AGU) nos termos solicitados\u201d, diz um dos trechos do despacho assinado por Ney Belo.<\/p><\/blockquote>\n<p>O Sada Cruzeiro, clube onde o atleta joga na atual temporada, afastou e suspendeu o jogador \u00a0por tempo indeterminado, e exigiu que ele pedisse desculpas. Ap\u00f3s a repercuss\u00e3o da postagem, Wallace apagou a publica\u00e7\u00e3o e se desculpou, dizendo que n\u00e3o quis \u201cincitar a viol\u00eancia\u201d.<\/p>\n<p>O documento do Conselho de \u00c9tica do COB enfatiza tamb\u00e9m a responsabilidade de atletas ol\u00edmpicos perante a sociedade, em especial os campe\u00f5es, pois sua conduta reflete na sociedade.<\/p>\n<blockquote><p>\u201cO atleta campe\u00e3o ol\u00edmpico exerce influ\u00eancia em toda a juventude, que atrav\u00e9s do esporte v\u00ea em seus \u00eddolos um exemplo a ser seguido. Adolescentes observam o atleta com admira\u00e7\u00e3o e respeito, e talvez seja esse o \u00fanico posto &#8211; salvaguardada a fic\u00e7\u00e3o no cinema &#8211; onde her\u00f3is s\u00e3o educativos, construtivos e fazem bem para o ide\u00e1rio de um povo\u201d.<\/p><\/blockquote>\n<p>Em outro trecho do parecer, Ney Belo elenca estrelas do esporte nacional como exemplos de conduta.<\/p>\n<blockquote><p>\u201cRoberto Dinamite, Pel\u00e9, Maria Lenk, Esther Bueno n\u00e3o tiveram apenas a honra e a gl\u00f3ria de serem campe\u00f5es. Todos tiveram a responsabilidade de educar gera\u00e7\u00f5es que precisavam pautar-se por princ\u00edpios \u00e9ticos e morais para seguirem na luta pela constru\u00e7\u00e3o de uma sociedade melhor para todos, n\u00e3o obstante as op\u00e7\u00f5es pol\u00edticas de cada um\u201d.<\/p><\/blockquote>\n<p>Entre as puni\u00e7\u00f5es para pr\u00e1ticas como a de Wallace, est\u00e1 o banimento do atleta do esporte ol\u00edmpico e pagamento de multas de at\u00e9 R$ 100 mil.<\/p>\n<p><span style=\"font-weight: 400;\">Fonte: Ag\u00eancia Brasil <\/span><\/p>\n","protected":false},"excerpt":{"rendered":"<p>O Conselho de \u00c9tica do Comit\u00ea Ol\u00edmpico Brasileiro (COB) suspendeu de forma cautelar o jogador de v\u00f4lei\u00a0Wallace Leandro de Souza, campe\u00e3o ol\u00edmpico pela sele\u00e7\u00e3o brasileira. O atleta tem a partir desta sexta-feira (3) cinco dias para apresentar sua defesa junto ao \u00f3rg\u00e3o. Na \u00faltima segunda-feira (30), em postagem em sua conta no Instagram, Wallace publicou [&hellip;]<\/p>\n","protected":false},"author":246,"featured_media":209944,"comment_status":"closed","ping_status":"closed","sticky":false,"template":"","format":"standard","meta":{"footnotes":""},"categories":[436,257,439],"tags":[],"class_list":["post-209943","post","type-post","status-publish","format-standard","has-post-thumbnail","hentry","category-destaque-da-semana","category-esporte","category-ultima-hora"],"_links":{"self":[{"href":"https:\/\/diarioregionaldigital.com.br\/index.php?rest_route=\/wp\/v2\/posts\/209943","targetHints":{"allow":["GET"]}}],"collection":[{"href":"https:\/\/diarioregionaldigital.com.br\/index.php?rest_route=\/wp\/v2\/posts"}],"about":[{"href":"https:\/\/diarioregionaldigital.com.br\/index.php?rest_route=\/wp\/v2\/types\/post"}],"author":[{"embeddable":true,"href":"https:\/\/diarioregionaldigital.com.br\/index.php?rest_route=\/wp\/v2\/users\/246"}],"replies":[{"embeddable":true,"href":"https:\/\/diarioregionaldigital.com.br\/index.php?rest_route=%2Fwp%2Fv2%2Fcomments&post=209943"}],"version-history":[{"count":1,"href":"https:\/\/diarioregionaldigital.com.br\/index.php?rest_route=\/wp\/v2\/posts\/209943\/revisions"}],"predecessor-version":[{"id":209945,"href":"https:\/\/diarioregionaldigital.com.br\/index.php?rest_route=\/wp\/v2\/posts\/209943\/revisions\/209945"}],"wp:featuredmedia":[{"embeddable":true,"href":"https:\/\/diarioregionaldigital.com.br\/index.php?rest_route=\/wp\/v2\/media\/209944"}],"wp:attachment":[{"href":"https:\/\/diarioregionaldigital.com.br\/index.php?rest_route=%2Fwp%2Fv2%2Fmedia&parent=209943"}],"wp:term":[{"taxonomy":"category","embeddable":true,"href":"https:\/\/diarioregionaldigital.com.br\/index.php?rest_route=%2Fwp%2Fv2%2Fcategories&post=209943"},{"taxonomy":"post_tag","embeddable":true,"href":"https:\/\/diarioregionaldigital.com.br\/index.php?rest_route=%2Fwp%2Fv2%2Ftags&post=209943"}],"curies":[{"name":"wp","href":"https:\/\/api.w.org\/{rel}","templated":true}]}}