{"id":209938,"date":"2023-02-03T18:29:27","date_gmt":"2023-02-03T21:29:27","guid":{"rendered":"https:\/\/diarioregionaldigital.com.br\/?p=209938"},"modified":"2023-02-03T18:29:27","modified_gmt":"2023-02-03T21:29:27","slug":"parasurfe-e-paraescalada-ainda-sonham-com-los-angeles","status":"publish","type":"post","link":"https:\/\/diarioregionaldigital.com.br\/?p=209938","title":{"rendered":"Parasurfe e paraescalada ainda sonham com Los Angeles"},"content":{"rendered":"<p>O comunicado do Comit\u00ea Paral\u00edmpico Internacional (IPC, sigla em ingl\u00eas) sobre o programa da Paralimp\u00edada de Los Angeles (Estados Unidos), em 2028, frustrou a expectativa de atletas de nove das 33 modalidades que se candidataram ao evento. A entidade confirmou a presen\u00e7a dos 22 esportes que integram os Jogos de Paris (Fran\u00e7a) e deixou aberta a possibilidade do parasurfe e da paraescalada &#8211; caso indicados pelo Comit\u00ea Organizador &#8211; serem inclu\u00eddos, pela primeira vez, no palco maior do movimento paral\u00edmpico. O IPC bater\u00e1 o martelo at\u00e9 o fim deste ano.<img decoding=\"async\" src=\"https:\/\/agenciabrasil.ebc.com.br\/ebc.png?id=1507981&amp;o=node\" \/><img decoding=\"async\" src=\"https:\/\/agenciabrasil.ebc.com.br\/ebc.gif?id=1507981&amp;o=node\" \/><\/p>\n<p>Em<a href=\"https:\/\/isasurf.org\/isa-welcome-los-angeles-2028-proposal-to-consider-para-surfing-for-paralympic-games\/\">\u00a0nota<\/a>, a Associa\u00e7\u00e3o Internacional de Surfe (ISA, sigla em ingl\u00eas) disse estar &#8220;satisfeita&#8221; pelo IPC reconhecer a &#8220;viabilidade competitiva e a integridade&#8221; do parasurfe, &#8220;bem como os benef\u00edcios estrat\u00e9gicos \u00e0 Paralimp\u00edada&#8221;. Segundo a entidade, a modalidade &#8220;combina&#8221; com Los Angeles, &#8220;lugar de forte tradi\u00e7\u00e3o e apoio ao esporte e ao alto rendimento&#8221;. Vale lembrar que o \u00faltimo Mundial de surfe adaptado, em 2022, foi em Prismo Beach, a cerca de tr\u00eas horas da cidade-sede dos Jogos de 2028.<\/p>\n<p>&#8220;Eu imaginava que o parasurfe iria para essa &#8216;segunda\u00a0chamada&#8217;. O mar \u00e9 um desafio. Quando voc\u00ea aprova uma Olimp\u00edada, tem todo um processo de saber se o lugar tem um oceano apto para o surfe e qual a log\u00edstica. Tanto que, nos Jogos de Paris, o surfe ser\u00e1 no Taiti. No surfe adaptado, esse \u00e9 [um desafio a] mais. Ao mesmo tempo, h\u00e1 quest\u00f5es t\u00e9cnicas, como as categorias. A ISA tem v\u00e1rias classes e obviamente n\u00e3o entrariam todas [na Paralimp\u00edada]&#8221;, analisou o presidente da Confedera\u00e7\u00e3o Brasileira de Surf (CBSurf), Teco Padaratz, \u00e0\u00a0<strong>Ag\u00eancia Brasil.<\/strong><\/p>\n<p>&#8220;[A regi\u00e3o de] Los Angeles tem, no m\u00ednimo, 25 praias perfeitas ao parasurfe. Acredito que a modalidade estar\u00e1 [nos Jogos de 2028] porque quest\u00f5es que podem pintar ser\u00e3o facilmente resolvidas. Entendo que o recado do IPC \u00e9 que [parasurfe e paraescalada] s\u00e3o dois esportes importantes e que se deseja conversar de novo com eles. \u00c9 normal e at\u00e9 sadio&#8221;, emendou o dirigente.<\/p>\n<p>Se o parasurfe entrar na Paralimp\u00edada, o Brasil desponta como candidato a pot\u00eancia. No \u00faltimo Mundial, o pa\u00eds ficou em quarto lugar na classifica\u00e7\u00e3o geral, atr\u00e1s de EUA, Fran\u00e7a e Espanha. Nas 17 classes, a equipe brasileira foi representada em 13 e teve campe\u00e3o em cinco: Elias &#8220;Figue&#8221; Diel na VI1 (cego), Davi Teixeira na\u00a0Prone 2\u00a0(atletas que surfam de bru\u00e7os, com aux\u00edlio na remada), Felipe Kizu Lima na\u00a0Open Sit\u00a0(surfistas que pegam onda sentados), Rafael Lueders na\u00a0Stand 2\u00a0e Alcino &#8220;Pirata&#8221; Neto na\u00a0Stand 3\u00a0(ambas\u00a0categorias para amputados ou pessoas com limita\u00e7\u00f5es nos membros inferiores, sendo a 2 abaixo do joelho e 3 acima).<\/p>\n<p>A sele\u00e7\u00e3o que representou o pa\u00eds em Prismo Beach &#8211; e que\u00a0tamb\u00e9m conquistou\u00a0mais quatro medalhas (duas de prata e\u00a0duas de bronzes) &#8211; foi definida em uma seletiva realizada em setembro, na praia de Maraca\u00edpe (PE). Segundo Teco, como o parasurfe n\u00e3o\u00a0tem recursos espec\u00edficos, pois ainda n\u00e3o integra o movimento paral\u00edmpico, foi necess\u00e1rio buscar apoio externo para levar a equipe aos EUA.<\/p>\n<p>&#8220;Tinha uma conta, era R$ 375 mil, mais ou menos. Montamos uma campanha de vaquinha. Um dos empres\u00e1rios [do conselho consultivo da confedera\u00e7\u00e3o] era especialista em engajamento.\u00a0Liguei para todo mundo\u00a0que conhecia. Em duas semanas e meia, levantamos a grana&#8221;, recordou o dirigente.<\/p>\n<p>&#8220;A gente foi com n\u00famero limitado [ao Mundial] Se tiv\u00e9ssemos preenchido todas as categorias, ter\u00edamos vencido [a classifica\u00e7\u00e3o geral]. Estivemos em 70% delas e quase vencemos. Provavelmente [na Paralimp\u00edada], viremos para brigar pelo ouro&#8221;, completou o presidente da CBSurf.<\/p>\n<h2>Esperan\u00e7a renovada<\/h2>\n<p>A Federa\u00e7\u00e3o Internacional de Escalada Esportiva (IFSC, sigla em ingl\u00eas) tamb\u00e9m se manifestou por meio de\u00a0<a href=\"https:\/\/www.ifsc-climbing.org\/index.php\/news\/879-ifsc-executive-board-welcomes-ipc-decision-to-consider-paraclimbing-as-additional-sport-at-la28\">nota<\/a>. Segundo o comunicado, o presidente da entidade, Marco Scolaris,\u00a0avaliou como um &#8220;grande passo e feito&#8221;\u00a0a modalidade\u00a0ser considerada para 2028 e destacou\u00a0ter\u00a0sido poss\u00edvel, &#8220;em t\u00e3o curto espa\u00e7o de tempo, apresentar uma proposta forte&#8221;. O dirigente ainda disse\u00a0acreditar que\u00a0a paraescalada e o parasurfe\u00a0estar\u00e3o em\u00a0Los Angeles, &#8220;local com grande cultura e comunidade&#8221; em\u00a0ambos os esportes.<\/p>\n<p>&#8220;A gente tinha expectativa de [a paraescalada] ser eleita agora. A candidatura era s\u00f3lida. Mas faz parte. Tamb\u00e9m gerou expectativa antes da escolha [da modalidade ol\u00edmpica] para [os Jogos de] T\u00f3quio [Jap\u00e3o]. Estamos bem confiantes, n\u00e3o perdemos a esperan\u00e7a ainda. Seria um sonho meu, como ex-atleta e dirigente&#8221;, disse o presidente da Associa\u00e7\u00e3o Brasileira de Escalada Esportiva (ABEE), Raphael Nishimura, \u00e0<strong>\u00a0Ag\u00eancia Brasil.<\/strong><\/p>\n<p>Desde os oito anos, Raphael convive com\u00a0a distonia muscular, dist\u00farbio que causa a contra\u00e7\u00e3o involunt\u00e1ria dos m\u00fasculos, dificultando a coordena\u00e7\u00e3o motora e a locomo\u00e7\u00e3o. Em 2012, quatro anos depois de come\u00e7ar no esporte adaptado, ele foi vice-campe\u00e3o mundial de paraescalada, em Paris (Fran\u00e7a).<\/p>\n<p>&#8220;Por muito tempo, competi sozinho. No ano passado, foi recorde [de participantes no<a href=\"https:\/\/abee.com.br\/brasileiro-de-escalada-juvenil-e-marcado-por-despedidas-e-novos-talentos\/\">\u00a0Campeonato Brasileiro<\/a>, sete]. \u00c9 [um n\u00famero] pequeno, mas se voc\u00ea pega a Am\u00e9rica do Sul toda, s\u00f3 o Brasil fomenta a paraescalada. No continente americano, tem Brasil e EUA. A Europa \u00e9 forte, o Jap\u00e3o tamb\u00e9m. [Aqui] Falta um pouco de incentivo. No esporte convencional j\u00e1 \u00e9 dif\u00edcil, no paradesporto fica mais dif\u00edcil ainda\u00a0conseguir recursos&#8221;, explicou o dirigente.<\/p>\n<p>A presen\u00e7a da escalada na Olimp\u00edada garante recursos da Lei Agnelo\/Piva \u00e0 ABEE, via Comit\u00ea Ol\u00edmpico do Brasil (COB). O investimento, contudo, tem de ser direcionado \u00e0 modalidade convencional. No ano passado, a entidade ainda conseguiu auxiliar a participa\u00e7\u00e3o\u00a0de Marina Dias em etapas da Copa do Mundo de paraescalada. A brasileira, que tamb\u00e9m obteve apoio da prefeitura de Taubat\u00e9 (SP) por meio de um programa de amparo ao esporte amador, conquistou uma hist\u00f3rica medalha de ouro em Salt Lake City (EUA) e um bronze em Innsbruck (\u00c1ustria).<\/p>\n<div class=\"dnd-widget-wrapper context-cheio_8colunas type-image\">\n<div class=\"dnd-atom-rendered\">\n<p>Segundo Raphael, a ideia \u00e9 cadastrar um projeto de Lei de Incentivo para viabilizar a participa\u00e7\u00e3o brasileira no Campeonato Mundial de paraescalada deste ano, entre 8 e\u00a09 de agosto, em Berna (Su\u00ed\u00e7a). Estar na competi\u00e7\u00e3o \u00e9 uma das metas de Marina, que compete na classe RP3, para escaladores com defici\u00eancias que impactam o alcance e a for\u00e7a. A escaladora\u00a0de 39 anos tem o lado esquerdo do corpo afetado pela esclerose m\u00faltipla, que \u00e9 degenerativa.<\/p>\n<p>&#8220;\u00c9 fundamental a participa\u00e7\u00e3o de mais representantes, mais pa\u00edses e mais atletas [em competi\u00e7\u00f5es de paraescalada], para colaborar com a inclus\u00e3o [na Paralimp\u00edada]. Tenho esperan\u00e7a que a gente consiga participar de mais etapas neste ano. N\u00e3o s\u00f3 eu, mas um time brasileiro.\u00a0A gente ainda depende de apoio privado e nosso pr\u00f3prio custeio&#8221;, comentou Marina, \u00e0<strong>\u00a0Ag\u00eancia Brasil.<\/strong><\/p>\n<p>&#8220;Neste ano, estou planejando participar da [etapa da] Copa do Mundo dos EUA novamente, em maio [entre os dias 16 e 17], mas ainda dependo um pouco de conseguir algum recurso para ver se vou na outra etapa da Copa do Mundo [na \u00c1ustria, em junho] e at\u00e9 para o Mundial. N\u00e3o tenho recurso suficiente para essas duas competi\u00e7\u00f5es&#8221;, completou a escaladora.<\/p>\n<p>A paraescalada tem quatro classes. A RP re\u00fane escaladores com defici\u00eancias que impactam alcance e for\u00e7a e \u00e9 dividida em RP1, RP2 e RP3 &#8211;\u00a0quanto menor o n\u00famero, maior o comprometimento. Na classe B (do ingl\u00eas\u00a0<em>blind<\/em>), est\u00e3o os atletas deficientes visuais, que podem contar com apoio de um guia, separados em B1, B2 e B3. As classes AL e AU, respectivamente voltadas a esportistas com limita\u00e7\u00e3o nos membros inferiores e superiores, t\u00eam duas subcategorias cada: AL1, AL2, AU1 e AU2.<\/p>\n<p><span style=\"font-weight: 400;\">Fonte: Ag\u00eancia Brasil <\/span><\/p>\n<\/div>\n<\/div>\n","protected":false},"excerpt":{"rendered":"<p>O comunicado do Comit\u00ea Paral\u00edmpico Internacional (IPC, sigla em ingl\u00eas) sobre o programa da Paralimp\u00edada de Los Angeles (Estados Unidos), em 2028, frustrou a expectativa de atletas de nove das 33 modalidades que se candidataram ao evento. A entidade confirmou a presen\u00e7a dos 22 esportes que integram os Jogos de Paris (Fran\u00e7a) e deixou aberta [&hellip;]<\/p>\n","protected":false},"author":246,"featured_media":209939,"comment_status":"closed","ping_status":"closed","sticky":false,"template":"","format":"standard","meta":{"footnotes":""},"categories":[436,257,439],"tags":[],"class_list":["post-209938","post","type-post","status-publish","format-standard","has-post-thumbnail","hentry","category-destaque-da-semana","category-esporte","category-ultima-hora"],"_links":{"self":[{"href":"https:\/\/diarioregionaldigital.com.br\/index.php?rest_route=\/wp\/v2\/posts\/209938","targetHints":{"allow":["GET"]}}],"collection":[{"href":"https:\/\/diarioregionaldigital.com.br\/index.php?rest_route=\/wp\/v2\/posts"}],"about":[{"href":"https:\/\/diarioregionaldigital.com.br\/index.php?rest_route=\/wp\/v2\/types\/post"}],"author":[{"embeddable":true,"href":"https:\/\/diarioregionaldigital.com.br\/index.php?rest_route=\/wp\/v2\/users\/246"}],"replies":[{"embeddable":true,"href":"https:\/\/diarioregionaldigital.com.br\/index.php?rest_route=%2Fwp%2Fv2%2Fcomments&post=209938"}],"version-history":[{"count":2,"href":"https:\/\/diarioregionaldigital.com.br\/index.php?rest_route=\/wp\/v2\/posts\/209938\/revisions"}],"predecessor-version":[{"id":209941,"href":"https:\/\/diarioregionaldigital.com.br\/index.php?rest_route=\/wp\/v2\/posts\/209938\/revisions\/209941"}],"wp:featuredmedia":[{"embeddable":true,"href":"https:\/\/diarioregionaldigital.com.br\/index.php?rest_route=\/wp\/v2\/media\/209939"}],"wp:attachment":[{"href":"https:\/\/diarioregionaldigital.com.br\/index.php?rest_route=%2Fwp%2Fv2%2Fmedia&parent=209938"}],"wp:term":[{"taxonomy":"category","embeddable":true,"href":"https:\/\/diarioregionaldigital.com.br\/index.php?rest_route=%2Fwp%2Fv2%2Fcategories&post=209938"},{"taxonomy":"post_tag","embeddable":true,"href":"https:\/\/diarioregionaldigital.com.br\/index.php?rest_route=%2Fwp%2Fv2%2Ftags&post=209938"}],"curies":[{"name":"wp","href":"https:\/\/api.w.org\/{rel}","templated":true}]}}