{"id":209931,"date":"2023-02-03T18:21:05","date_gmt":"2023-02-03T21:21:05","guid":{"rendered":"https:\/\/diarioregionaldigital.com.br\/?p=209931"},"modified":"2023-02-03T18:21:05","modified_gmt":"2023-02-03T21:21:05","slug":"suplentes-assumem-vagas-deixadas-por-ministros-do-governo-lula","status":"publish","type":"post","link":"https:\/\/diarioregionaldigital.com.br\/?p=209931","title":{"rendered":"Suplentes assumem vagas deixadas por ministros do governo Lula"},"content":{"rendered":"<div class=\"post-item-wrap\">\n<p>Os quatro suplentes dos senadores que comp\u00f5e a equipe ministerial do governo do presidente Luiz In\u00e1cio Lula da Silva j\u00e1 assumiram os mandatos na Casa. Ana Paula Lobato (PSB-MA) entrou no lugar de Fl\u00e1vio Dino (PSB-MA), ministro da Justi\u00e7a e Seguran\u00e7a P\u00fablica; Augusta Brito (PT-CE) substitui Camilo Santana (PT-CE), ministro da Educa\u00e7\u00e3o; e Fernando Farias (MDB-AL) assume a vaga de Renan Filho (MDB-AL), novo ministro dos Transportes.<img decoding=\"async\" src=\"https:\/\/agenciabrasil.ebc.com.br\/ebc.png?id=1507929&amp;o=node\" \/><img decoding=\"async\" src=\"https:\/\/agenciabrasil.ebc.com.br\/ebc.gif?id=1507929&amp;o=node\" \/><\/p>\n<p>A \u00fanica suplente que n\u00e3o \u00e9 estreante \u00e9 Margareth Buzetti (PSD-MT), que assume a vaga do ministro da Agricultura e Pecu\u00e1ria, Carlos F\u00e1varo (PSD-MT). Ela j\u00e1 havia substitu\u00eddo o parlamentar no ano passado e agora reassume com a nomea\u00e7\u00e3o de F\u00e1varo para governo Lula.<\/p>\n<h2>Bandeiras<\/h2>\n<p>Ana Paula Lobato, de 37 anos, \u00e9 a mais jovem senadora da Casa. Ela pretende dedicar o mandato a causas ligadas \u00e0s mulheres, \u00e0 sa\u00fade e \u00e0 educa\u00e7\u00e3o. J\u00e1 Augusta Brito, 46 anos, disse que vai trabalhar em conjunto com o governo Lula no combate \u00e0 pobreza e \u00e0s desigualdades sociais. Ela destacou a import\u00e2ncia da atua\u00e7\u00e3o em favor das energias renov\u00e1veis, como e\u00f3lica e solar. Enfermeira e empres\u00e1ria do ramo de aluguel de equipamentos e m\u00e1quinas para constru\u00e7\u00e3o, \u00e9 tamb\u00e9m vice-prefeita de Pinheiro, munic\u00edpio da Baixada Maranhense onde passou sua inf\u00e2ncia e adolesc\u00eancia. Em janeiro de 2022 , ela assumiu a prefeitura durante o afastamento de Luciano Gen\u00e9sio por determina\u00e7\u00e3o do Tribunal Regional Federal da 1\u00aa Regi\u00e3o.<\/p>\n<p>O empres\u00e1rio Fenando Farias (MDB), 70 anos, nunca ocupou cargo pol\u00edtico. Atua no ramo de produ\u00e7\u00e3o de a\u00e7\u00facar, \u00e1lcool, aguardente e bioeletricidade, gerada a partir da moagem do baga\u00e7o de cana. \u00c9 um dos executivos do Grupo Carlos Lyra, com sede em Macei\u00f3, que possui cinco usinas produtoras nos estados de Alagoas, Goi\u00e1s e S\u00e3o Paulo. Tamb\u00e9m \u00e9 propriet\u00e1rio de um\u00a0<em>shopping<\/em>\u00a0<em>center<\/em>\u00a0no munic\u00edpio de Delmiro Gouveia, no sert\u00e3o alagoano.<\/p>\n<p><span style=\"font-weight: 400;\"><br \/>\n<\/span><span style=\"font-weight: 400;\">Fonte: Ag\u00eancia Brasil <\/span><\/p>\n<\/div>\n","protected":false},"excerpt":{"rendered":"<p>Os quatro suplentes dos senadores que comp\u00f5e a equipe ministerial do governo do presidente Luiz In\u00e1cio Lula da Silva j\u00e1 assumiram os mandatos na Casa. Ana Paula Lobato (PSB-MA) entrou no lugar de Fl\u00e1vio Dino (PSB-MA), ministro da Justi\u00e7a e Seguran\u00e7a P\u00fablica; Augusta Brito (PT-CE) substitui Camilo Santana (PT-CE), ministro da Educa\u00e7\u00e3o; e Fernando Farias [&hellip;]<\/p>\n","protected":false},"author":246,"featured_media":209933,"comment_status":"closed","ping_status":"closed","sticky":false,"template":"","format":"standard","meta":{"footnotes":""},"categories":[436,254,439],"tags":[],"class_list":["post-209931","post","type-post","status-publish","format-standard","has-post-thumbnail","hentry","category-destaque-da-semana","category-politica","category-ultima-hora"],"_links":{"self":[{"href":"https:\/\/diarioregionaldigital.com.br\/index.php?rest_route=\/wp\/v2\/posts\/209931","targetHints":{"allow":["GET"]}}],"collection":[{"href":"https:\/\/diarioregionaldigital.com.br\/index.php?rest_route=\/wp\/v2\/posts"}],"about":[{"href":"https:\/\/diarioregionaldigital.com.br\/index.php?rest_route=\/wp\/v2\/types\/post"}],"author":[{"embeddable":true,"href":"https:\/\/diarioregionaldigital.com.br\/index.php?rest_route=\/wp\/v2\/users\/246"}],"replies":[{"embeddable":true,"href":"https:\/\/diarioregionaldigital.com.br\/index.php?rest_route=%2Fwp%2Fv2%2Fcomments&post=209931"}],"version-history":[{"count":1,"href":"https:\/\/diarioregionaldigital.com.br\/index.php?rest_route=\/wp\/v2\/posts\/209931\/revisions"}],"predecessor-version":[{"id":209934,"href":"https:\/\/diarioregionaldigital.com.br\/index.php?rest_route=\/wp\/v2\/posts\/209931\/revisions\/209934"}],"wp:featuredmedia":[{"embeddable":true,"href":"https:\/\/diarioregionaldigital.com.br\/index.php?rest_route=\/wp\/v2\/media\/209933"}],"wp:attachment":[{"href":"https:\/\/diarioregionaldigital.com.br\/index.php?rest_route=%2Fwp%2Fv2%2Fmedia&parent=209931"}],"wp:term":[{"taxonomy":"category","embeddable":true,"href":"https:\/\/diarioregionaldigital.com.br\/index.php?rest_route=%2Fwp%2Fv2%2Fcategories&post=209931"},{"taxonomy":"post_tag","embeddable":true,"href":"https:\/\/diarioregionaldigital.com.br\/index.php?rest_route=%2Fwp%2Fv2%2Ftags&post=209931"}],"curies":[{"name":"wp","href":"https:\/\/api.w.org\/{rel}","templated":true}]}}