{"id":209928,"date":"2023-02-03T18:19:02","date_gmt":"2023-02-03T21:19:02","guid":{"rendered":"https:\/\/diarioregionaldigital.com.br\/?p=209928"},"modified":"2023-02-03T18:19:02","modified_gmt":"2023-02-03T21:19:02","slug":"torres-houve-falha-grave-no-plano-de-seguranca-do-dia-8-de-janeiro","status":"publish","type":"post","link":"https:\/\/diarioregionaldigital.com.br\/?p=209928","title":{"rendered":"Torres: houve &#8220;falha grave&#8221; no plano de seguran\u00e7a do dia 8 de janeiro"},"content":{"rendered":"<p>O ex-secret\u00e1rio de Seguran\u00e7a P\u00fablica do Distrito Federal, Anderson Torres, afirmou \u00e0 Pol\u00edcia Federal (PF) que houve\u00a0&#8220;falha grave&#8221; na execu\u00e7\u00e3o\u00a0do plano operacional\u00a0definido por \u00f3rg\u00e3os p\u00fablicos, que permitiu\u00a0a a\u00e7\u00e3o de\u00a0v\u00e2ndalos e golpistas que invadiram e depredaram o Pal\u00e1cio do Planalto, o Congresso Nacional e a sede do Supremo Tribunal Federal (STF), em Bras\u00edlia, no dia\u00a08 de janeiro.<img decoding=\"async\" src=\"https:\/\/agenciabrasil.ebc.com.br\/ebc.png?id=1508014&amp;o=node\" \/><img decoding=\"async\" src=\"https:\/\/agenciabrasil.ebc.com.br\/ebc.gif?id=1508014&amp;o=node\" \/><\/p>\n<p>Ex-ministro da Justi\u00e7a e Seguran\u00e7a P\u00fablica do governo Bolsonaro, Anderson Torres\u00a0est\u00e1\u00a0<a href=\"https:\/\/agenciabrasil.ebc.com.br\/politica\/noticia\/2023-01\/anderson-torres-e-preso-pela-pf-apos-desembarcar-em-brasilia\" target=\"_blank\" rel=\"noopener\">preso<\/a>\u00a0desde o dia\u00a014 de janeiro,\u00a0quando retornou dos Estados Unidos, para onde viajou de f\u00e9rias, com a fam\u00edlia, dois dias antes do ato antidemocr\u00e1tico que culminou no ataque aos Tr\u00eas Poderes &#8211; Executivo, Legislativo e Judici\u00e1rio. O ataque causou a\u00a0destrui\u00e7\u00e3o de instala\u00e7\u00f5es p\u00fablicas e de parte do patrim\u00f4nio hist\u00f3rico e art\u00edstico expostos nos pr\u00e9dios.<\/p>\n<p>Nesta\u00a0quinta-feira (2), Torres prestou depoimento a policiais federais por quase dez horas.\u00a0Ele relatou que, no dia\u00a06 de janeiro, pouco antes de viajar, se reuniu com o comandante militar do Planalto, general Gustavo Henrique Dutra de Menezes,\u00a0com a secret\u00e1ria distrital de Desenvolvimento Social, Ana Paula Marra, e com a subsecret\u00e1ria de Opera\u00e7\u00f5es Integradas da Secretaria de Seguran\u00e7a P\u00fablica, C\u00edntia Queiroz de Castro.<\/p>\n<p>Durante o encontro foi acertado que, a partir do dia 10\u00a0de janeiro, Ex\u00e9rcito e\u00a0Governo do Distrito Federal (GDF) come\u00e7ariam a remover as pessoas acampadas em frente ao Quartel-General do Ex\u00e9rcito, iniciando pelas\u00a0pessoas &#8220;vulner\u00e1veis e moradores de rua\u201d.\u00a0O cronograma, contudo, foi atropelado pelos fatos, disse.<\/p>\n<p>Segundo Torres, no mesmo dia 6, representantes das pol\u00edcias Militar e Civil do Distrito Federal; Bombeiros; Departamento de Tr\u00e2nsito (Detran); Departamento de Estradas e Rodagem (DER); Pol\u00edcia Rodovi\u00e1ria Federal (PRF); Senado; C\u00e2mara dos Deputados; Supremo Tribunal Federal (STF) se reuniram. Com base em informa\u00e7\u00f5es da Subsecretaria de Opera\u00e7\u00f5es Integradas do Distrito Federal, aprovaram um protocolo de a\u00e7\u00f5es integradas (PAI) para lidar com o ato convocado para o dia 8. A\u00a0aprova\u00e7\u00e3o ocorreu. de acordo com Torres,\u00a0mesmo sem ind\u00edcios de \u201ca\u00e7\u00f5es radicais\u201d.<\/p>\n<p>O ex-secret\u00e1rio acrescentou que,\u00a0uma vez aprovado, o protocolo deveria ser obrigatoriamente cumprido por todos os \u00f3rg\u00e3os do Distrito Federal. Ele disse que,\u00a0ao assinar o documento, observou que este continha todas as diretrizes necess\u00e1rias para que os \u00f3rg\u00e3os de seguran\u00e7a p\u00fablica cumprissem com suas atribui\u00e7\u00f5es.<\/p>\n<p>O protocolo estabelecia, por exemplo, que a PM deveria planejar e executar a\u00e7\u00f5es de policiamento ostensivo, preservando a ordem p\u00fablica durante o ato; manter as tropas especializadas de prontid\u00e3o para o caso de dist\u00farbios e n\u00e3o permitir o acesso de pessoas e ve\u00edculos \u00e0 Pra\u00e7a dos Tr\u00eas Poderes.<\/p>\n<p>Ao ser questionado sobre uma declara\u00e7\u00e3o do governador afastado, Ibaneis Rocha, que apontou haver ind\u00edcios de que o protocolo de seguran\u00e7a tenha sido sabotado por agentes das for\u00e7as de seguran\u00e7a p\u00fablica, Torres disse n\u00e3o\u00a0ter\u00a0nenhuma informa\u00e7\u00e3o que corrobore a tese, mas que, certamente,\u00a0houve uma &#8220;falha grave&#8221; na execu\u00e7\u00e3o operacional do plano. Segundo ele, se tivesse sido cumprido \u00e0 risca, o plano teria impedido os atos criminosos de\u00a08 de janeiro.<\/p>\n<h2>Acampamento<\/h2>\n<p>Torres\u00a0tamb\u00e9m\u00a0disse que\u00a0inicialmente\u00a0considerou leg\u00edtima a mobiliza\u00e7\u00e3o e a perman\u00eancia de pessoas que rejeitavam a vit\u00f3ria eleitoral do presidente Luiz In\u00e1cio Lula da Silva na \u00e1rea militar, mas que, com a tentativa de<a href=\"https:\/\/agenciabrasil.ebc.com.br\/geral\/noticia\/2022-12\/manifestantes-tentam-invadir-sede-da-pf-e-queimam-carros-e-onibus-no-df\" target=\"_blank\" rel=\"noopener\">\u00a0invas\u00e3<\/a><a href=\"http:\/\/agenciabrasil.ebc.com.br\/geral\/noticia\/2022-12\/manifestantes-tentam-invadir-sede-da-pf-e-queimam-carros-e-onibus-no-df\" target=\"_blank\" rel=\"noopener\">o do dia\u00a012 de dezembro<\/a>, quando \u00f4nibus e carros foram incendiados em vias p\u00fablicas da capital, ele passou a considerar o risco do acampamento &#8211; instalado no local desde 1\u00ba de novembro do ano passado &#8211; atrair criminosos. Segundo ele, isso ficou evidente com a\u00a0<a href=\"https:\/\/agenciabrasil.ebc.com.br\/geral\/noticia\/2022-12\/pm-e-acionada-por-suspeita-de-bomba-proximo-ao-aeroporto-de-brasilia\" target=\"_blank\" rel=\"noopener\">pris\u00e3o de participantes do acampamento que planejaram explodir uma bomba<\/a>\u00a0pr\u00f3ximo ao aeroporto de Bras\u00edlia, na v\u00e9spera do\u00a0Natal.<\/p>\n<p>O agente federal respons\u00e1vel por registrar as declara\u00e7\u00f5es informou que\u00a0Torres disse que os sucessivos crimes fizeram com que\u00a0o movimento perdesse a legitimidade e que s\u00f3 n\u00e3o atuou antes para desmontar o acampamento por este estar em \u00e1rea pertencente ao Ex\u00e9rcito, que se opunha a uma a\u00e7\u00e3o brusca.<\/p>\n<p>\u201cO ex-ministro mencionou que tinha postura distinta da do comando do Ex\u00e9rcito e que acabou prevalecendo, [favor\u00e1vel \u00e0] a manuten\u00e7\u00e3o do acampamento\u201d, explicou \u00e0\u00a0<strong>Ag\u00eancia Brasil<\/strong>\u00a0um dos advogados de Torres, Rodrigo Rocca.<\/p>\n<p>O\u00a0acampamento s\u00f3 come\u00e7ou a ser desmontado na manh\u00e3 seguinte aos ataques de\u00a08 de janeiro\u00a0\u2013 por influ\u00eancia do Ex\u00e9rcito, e contrariando a inten\u00e7\u00e3o do Minist\u00e9rio da Justi\u00e7a e Seguran\u00e7a P\u00fablica e da pr\u00f3pria Pol\u00edcia Militar do Distrito Federal, \u00f3rg\u00e3os que, inicialmente, se manifestaram a favor de pris\u00f5es\u00a0j\u00e1 no in\u00edcio da noite do dia 8, poucas horas ap\u00f3s muitos dos v\u00e2ndalos e golpistas que invadiram os pr\u00e9dios p\u00fablicos retornarem para a frente do quartel-general militar.<\/p>\n<p>No r<a href=\"https:\/\/drive.google.com\/drive\/folders\/19QKb-De7n2NKV6owfgj2DlWJKk73VoGI\" target=\"_blank\" rel=\"noopener\">elat\u00f3rio<\/a>\u00a0que analisa os fatores que culminaram nos fatos do dia\u00a08 de janeiro, o secret\u00e1rio-executivo do Minist\u00e9rio da Justi\u00e7a e Seguran\u00e7a P\u00fablica, Ricardo Cappell, nomeado interventor para a Seguran\u00e7a P\u00fablica do Distrito Federal,\u00a0destacou\u00a0que a Pol\u00edcia Militar tentou \u201cdesconstituir\u201d o acampamento montado no Setor Militar Urbano, na capital federal, &#8220;contudo a a\u00e7\u00e3o foi realizada no dia seguinte, a partir de uma pondera\u00e7\u00e3o do Ex\u00e9rcito brasileiro\u201d.<\/p>\n<p><span style=\"font-weight: 400;\">Fonte: Ag\u00eancia Brasil <\/span><\/p>\n","protected":false},"excerpt":{"rendered":"<p>O ex-secret\u00e1rio de Seguran\u00e7a P\u00fablica do Distrito Federal, Anderson Torres, afirmou \u00e0 Pol\u00edcia Federal (PF) que houve\u00a0&#8220;falha grave&#8221; na execu\u00e7\u00e3o\u00a0do plano operacional\u00a0definido por \u00f3rg\u00e3os p\u00fablicos, que permitiu\u00a0a a\u00e7\u00e3o de\u00a0v\u00e2ndalos e golpistas que invadiram e depredaram o Pal\u00e1cio do Planalto, o Congresso Nacional e a sede do Supremo Tribunal Federal (STF), em Bras\u00edlia, no dia\u00a08 de [&hellip;]<\/p>\n","protected":false},"author":246,"featured_media":209929,"comment_status":"closed","ping_status":"closed","sticky":false,"template":"","format":"standard","meta":{"footnotes":""},"categories":[436,254,439],"tags":[],"class_list":["post-209928","post","type-post","status-publish","format-standard","has-post-thumbnail","hentry","category-destaque-da-semana","category-politica","category-ultima-hora"],"_links":{"self":[{"href":"https:\/\/diarioregionaldigital.com.br\/index.php?rest_route=\/wp\/v2\/posts\/209928","targetHints":{"allow":["GET"]}}],"collection":[{"href":"https:\/\/diarioregionaldigital.com.br\/index.php?rest_route=\/wp\/v2\/posts"}],"about":[{"href":"https:\/\/diarioregionaldigital.com.br\/index.php?rest_route=\/wp\/v2\/types\/post"}],"author":[{"embeddable":true,"href":"https:\/\/diarioregionaldigital.com.br\/index.php?rest_route=\/wp\/v2\/users\/246"}],"replies":[{"embeddable":true,"href":"https:\/\/diarioregionaldigital.com.br\/index.php?rest_route=%2Fwp%2Fv2%2Fcomments&post=209928"}],"version-history":[{"count":2,"href":"https:\/\/diarioregionaldigital.com.br\/index.php?rest_route=\/wp\/v2\/posts\/209928\/revisions"}],"predecessor-version":[{"id":209932,"href":"https:\/\/diarioregionaldigital.com.br\/index.php?rest_route=\/wp\/v2\/posts\/209928\/revisions\/209932"}],"wp:featuredmedia":[{"embeddable":true,"href":"https:\/\/diarioregionaldigital.com.br\/index.php?rest_route=\/wp\/v2\/media\/209929"}],"wp:attachment":[{"href":"https:\/\/diarioregionaldigital.com.br\/index.php?rest_route=%2Fwp%2Fv2%2Fmedia&parent=209928"}],"wp:term":[{"taxonomy":"category","embeddable":true,"href":"https:\/\/diarioregionaldigital.com.br\/index.php?rest_route=%2Fwp%2Fv2%2Fcategories&post=209928"},{"taxonomy":"post_tag","embeddable":true,"href":"https:\/\/diarioregionaldigital.com.br\/index.php?rest_route=%2Fwp%2Fv2%2Ftags&post=209928"}],"curies":[{"name":"wp","href":"https:\/\/api.w.org\/{rel}","templated":true}]}}