{"id":209925,"date":"2023-02-03T18:16:44","date_gmt":"2023-02-03T21:16:44","guid":{"rendered":"https:\/\/diarioregionaldigital.com.br\/?p=209925"},"modified":"2023-02-03T18:16:44","modified_gmt":"2023-02-03T21:16:44","slug":"audiencia-de-custodia-mantem-prisao-de-daniel-silveira","status":"publish","type":"post","link":"https:\/\/diarioregionaldigital.com.br\/?p=209925","title":{"rendered":"Audi\u00eancia de cust\u00f3dia mant\u00e9m pris\u00e3o de Daniel Silveira"},"content":{"rendered":"<p>O ex-deputado federal Daniel Silveira passou por audi\u00eancia de cust\u00f3dia na noite de ontem (2), quando foi mantida sua pris\u00e3o. \u201cA ata est\u00e1 no processo sigiloso e n\u00e3o ser\u00e1 divulgada\u201d, informou o Supremo Tribunal Federal (STF).<img decoding=\"async\" src=\"https:\/\/agenciabrasil.ebc.com.br\/ebc.png?id=1507995&amp;o=node\" \/><img decoding=\"async\" src=\"https:\/\/agenciabrasil.ebc.com.br\/ebc.gif?id=1507995&amp;o=node\" \/><\/p>\n<p>Ele foi preso na manh\u00e3 de ontem por descumprir regras da deten\u00e7\u00e3o domiciliar. A<a href=\"https:\/\/agenciabrasil.ebc.com.br\/politica\/noticia\/2023-02\/um-dia-apos-perder-mandato-daniel-silveira-e-preso-em-petropolis\" target=\"_blank\" rel=\"noopener\">\u00a0pris\u00e3o<\/a>\u00a0ocorreu na casa de Silveira, em Petr\u00f3polis, na regi\u00e3o serrana do estado do Rio de Janeiro.<\/p>\n<p>A ordem de pris\u00e3o foi dada pelo ministro do STF, Alexandre de Moraes, ap\u00f3s o ex-deputado danificar a tornozeleira eletr\u00f4nica que \u00e9 obrigado a usar, e fazer novos ataques contra o Supremo e o sistema eleitoral brasileiro, em v\u00eddeos divulgados na internet e em discurso na C\u00e2mara dos Deputados. Na decis\u00e3o, Moraes declarou que as condutas de Silveira \u201crevelam o seu completo desprezo pelo Poder Judici\u00e1rio\u201d.<\/p>\n<h2>Dinheiro e armas<\/h2>\n<p>Os agentes da Pol\u00edcia Federal tamb\u00e9m cumpriram mandado de busca e apreens\u00e3o na resid\u00eancia do ex-deputado para recolher armas, muni\u00e7\u00f5es, dinheiro em esp\u00e9cie, computadores, celulares e outros dispositivos eletr\u00f4nicos ou materiais relevantes.<\/p>\n<p>O passaporte do ex-parlamentar tamb\u00e9m foi apreendido e cancelado, e a justi\u00e7a determinou ainda a suspens\u00e3o dos seus registros de armamento e portes de arma de fogo.<\/p>\n<p><span style=\"font-weight: 400;\"><br \/>\n<\/span><span style=\"font-weight: 400;\">Fonte: Ag\u00eancia Brasil\u00a0<\/span><span style=\"font-weight: 400;\"><br \/>\n<\/span><\/p>\n","protected":false},"excerpt":{"rendered":"<p>O ex-deputado federal Daniel Silveira passou por audi\u00eancia de cust\u00f3dia na noite de ontem (2), quando foi mantida sua pris\u00e3o. \u201cA ata est\u00e1 no processo sigiloso e n\u00e3o ser\u00e1 divulgada\u201d, informou o Supremo Tribunal Federal (STF). Ele foi preso na manh\u00e3 de ontem por descumprir regras da deten\u00e7\u00e3o domiciliar. A\u00a0pris\u00e3o\u00a0ocorreu na casa de Silveira, em [&hellip;]<\/p>\n","protected":false},"author":246,"featured_media":209926,"comment_status":"closed","ping_status":"closed","sticky":false,"template":"","format":"standard","meta":{"footnotes":""},"categories":[436,254,439],"tags":[],"class_list":["post-209925","post","type-post","status-publish","format-standard","has-post-thumbnail","hentry","category-destaque-da-semana","category-politica","category-ultima-hora"],"_links":{"self":[{"href":"https:\/\/diarioregionaldigital.com.br\/index.php?rest_route=\/wp\/v2\/posts\/209925","targetHints":{"allow":["GET"]}}],"collection":[{"href":"https:\/\/diarioregionaldigital.com.br\/index.php?rest_route=\/wp\/v2\/posts"}],"about":[{"href":"https:\/\/diarioregionaldigital.com.br\/index.php?rest_route=\/wp\/v2\/types\/post"}],"author":[{"embeddable":true,"href":"https:\/\/diarioregionaldigital.com.br\/index.php?rest_route=\/wp\/v2\/users\/246"}],"replies":[{"embeddable":true,"href":"https:\/\/diarioregionaldigital.com.br\/index.php?rest_route=%2Fwp%2Fv2%2Fcomments&post=209925"}],"version-history":[{"count":1,"href":"https:\/\/diarioregionaldigital.com.br\/index.php?rest_route=\/wp\/v2\/posts\/209925\/revisions"}],"predecessor-version":[{"id":209927,"href":"https:\/\/diarioregionaldigital.com.br\/index.php?rest_route=\/wp\/v2\/posts\/209925\/revisions\/209927"}],"wp:featuredmedia":[{"embeddable":true,"href":"https:\/\/diarioregionaldigital.com.br\/index.php?rest_route=\/wp\/v2\/media\/209926"}],"wp:attachment":[{"href":"https:\/\/diarioregionaldigital.com.br\/index.php?rest_route=%2Fwp%2Fv2%2Fmedia&parent=209925"}],"wp:term":[{"taxonomy":"category","embeddable":true,"href":"https:\/\/diarioregionaldigital.com.br\/index.php?rest_route=%2Fwp%2Fv2%2Fcategories&post=209925"},{"taxonomy":"post_tag","embeddable":true,"href":"https:\/\/diarioregionaldigital.com.br\/index.php?rest_route=%2Fwp%2Fv2%2Ftags&post=209925"}],"curies":[{"name":"wp","href":"https:\/\/api.w.org\/{rel}","templated":true}]}}