{"id":209922,"date":"2023-02-03T18:14:09","date_gmt":"2023-02-03T21:14:09","guid":{"rendered":"https:\/\/diarioregionaldigital.com.br\/?p=209922"},"modified":"2023-02-03T18:14:09","modified_gmt":"2023-02-03T21:14:09","slug":"moraes-concede-liberdade-provisoria-a-ex-comandante-da-pm-df","status":"publish","type":"post","link":"https:\/\/diarioregionaldigital.com.br\/?p=209922","title":{"rendered":"Moraes concede liberdade provis\u00f3ria a ex-comandante da PM-DF"},"content":{"rendered":"<p>O ministro do Supremo Tribunal Federal (STF), Alexandre de Moraes, concedeu hoje (3) liberdade provis\u00f3ria ao coronel F\u00e1bio Augusto Vieira, ex-comandante-geral da Pol\u00edcia Militar do Distrito Federal (PM-DF).<img decoding=\"async\" src=\"https:\/\/agenciabrasil.ebc.com.br\/ebc.png?id=1508022&amp;o=node\" \/><img decoding=\"async\" src=\"https:\/\/agenciabrasil.ebc.com.br\/ebc.gif?id=1508022&amp;o=node\" \/><\/p>\n<p>Ele\u00a0<a href=\"https:\/\/agenciabrasil.ebc.com.br\/justica\/noticia\/2023-01\/ex-comandante-da-pm-do-df-e-preso-apos-determinacao-de-moraes\" target=\"_blank\" rel=\"noopener\">foi preso no dia 10 de janeiro<\/a>\u00a0por determina\u00e7\u00e3o de Moraes, a pedido da Pol\u00edcia Federal (PF), que apontou a coniv\u00eancia e a omiss\u00e3o de autoridades locais durante os atos golpistas do dia 8 de janeiro, que resultaram na depreda\u00e7\u00e3o dos pr\u00e9dios p\u00fablicos da Pra\u00e7a dos Tr\u00eas Poderes.<\/p>\n<p>Em sua decis\u00e3o, Moraes considerou o relat\u00f3rio do ex-interventor federal de Seguran\u00e7a P\u00fablica do Distrito Federal, Ricardo Cappelli, que indica \u201cem princ\u00edpio\u201d que Vieira n\u00e3o teria sido diretamente respons\u00e1vel pela falha das a\u00e7\u00f5es de seguran\u00e7a que resultaram nos atos criminosos. \u201cAl\u00e9m de apontar que o investigado esteve presente na opera\u00e7\u00e3o, foi ferido no combate direto aos manifestantes e n\u00e3o teve as suas solicita\u00e7\u00f5es de refor\u00e7os atendidas\u201d, diz o ministro.<\/p>\n<p>\u201cAssim sendo, [&#8230;] o panorama processual que justificou a pris\u00e3o preventiva do investigado n\u00e3o mais subsiste no atual momento, sendo poss\u00edvel conceder-lhe a liberdade provis\u00f3ria\u201d, completou o ministro.<\/p>\n<p>Ainda segundo Alexandre de Moraes, o relat\u00f3rio de Cappelli refor\u00e7a as alega\u00e7\u00f5es do ex-comandante, em depoimento \u00e0 Pol\u00edcia Federal, de que at\u00e9 o dia 12 de dezembro de 2022, os integrantes do acampamento em frente ao Quartel-General do Ex\u00e9rcito vinham executando manifesta\u00e7\u00f5es pac\u00edficas. Nessa ocasi\u00e3o, entretanto, houve tentativa de invas\u00e3o ao edif\u00edcio-sede da PF e outros atos criminosos, como a depreda\u00e7\u00e3o da 5\u00aa Delegacia de Pol\u00edcia e inc\u00eandios contra ve\u00edculos e \u00f4nibus.<\/p>\n<p>Ap\u00f3s esses atos, Vieira afirmou que, por duas vezes, a PM-DF tentou fazer a desmobiliza\u00e7\u00e3o do acampamento, com a atua\u00e7\u00e3o de cerca de 500 policiais militares, \u201cmas n\u00e3o obtiveram \u00eaxito por solicita\u00e7\u00e3o do pr\u00f3prio Ex\u00e9rcito\u201d.<\/p>\n<p>Como medida cautelar, Moraes determinou que o ex-comandante est\u00e1 proibido de deixar o Distrito Federal sem comunica\u00e7\u00e3o pr\u00e9via ao STF, sob pena de nova pris\u00e3o preventiva.<\/p>\n<p><span style=\"font-weight: 400;\"><br \/>\n<\/span><span style=\"font-weight: 400;\">Fonte: Ag\u00eancia Brasil\u00a0<\/span><span style=\"font-weight: 400;\"><br \/>\n<\/span><\/p>\n","protected":false},"excerpt":{"rendered":"<p>O ministro do Supremo Tribunal Federal (STF), Alexandre de Moraes, concedeu hoje (3) liberdade provis\u00f3ria ao coronel F\u00e1bio Augusto Vieira, ex-comandante-geral da Pol\u00edcia Militar do Distrito Federal (PM-DF). Ele\u00a0foi preso no dia 10 de janeiro\u00a0por determina\u00e7\u00e3o de Moraes, a pedido da Pol\u00edcia Federal (PF), que apontou a coniv\u00eancia e a omiss\u00e3o de autoridades locais durante [&hellip;]<\/p>\n","protected":false},"author":246,"featured_media":209923,"comment_status":"closed","ping_status":"closed","sticky":false,"template":"","format":"standard","meta":{"footnotes":""},"categories":[436,440,254,439],"tags":[],"class_list":["post-209922","post","type-post","status-publish","format-standard","has-post-thumbnail","hentry","category-destaque-da-semana","category-destaques-do-dia","category-politica","category-ultima-hora"],"_links":{"self":[{"href":"https:\/\/diarioregionaldigital.com.br\/index.php?rest_route=\/wp\/v2\/posts\/209922","targetHints":{"allow":["GET"]}}],"collection":[{"href":"https:\/\/diarioregionaldigital.com.br\/index.php?rest_route=\/wp\/v2\/posts"}],"about":[{"href":"https:\/\/diarioregionaldigital.com.br\/index.php?rest_route=\/wp\/v2\/types\/post"}],"author":[{"embeddable":true,"href":"https:\/\/diarioregionaldigital.com.br\/index.php?rest_route=\/wp\/v2\/users\/246"}],"replies":[{"embeddable":true,"href":"https:\/\/diarioregionaldigital.com.br\/index.php?rest_route=%2Fwp%2Fv2%2Fcomments&post=209922"}],"version-history":[{"count":1,"href":"https:\/\/diarioregionaldigital.com.br\/index.php?rest_route=\/wp\/v2\/posts\/209922\/revisions"}],"predecessor-version":[{"id":209924,"href":"https:\/\/diarioregionaldigital.com.br\/index.php?rest_route=\/wp\/v2\/posts\/209922\/revisions\/209924"}],"wp:featuredmedia":[{"embeddable":true,"href":"https:\/\/diarioregionaldigital.com.br\/index.php?rest_route=\/wp\/v2\/media\/209923"}],"wp:attachment":[{"href":"https:\/\/diarioregionaldigital.com.br\/index.php?rest_route=%2Fwp%2Fv2%2Fmedia&parent=209922"}],"wp:term":[{"taxonomy":"category","embeddable":true,"href":"https:\/\/diarioregionaldigital.com.br\/index.php?rest_route=%2Fwp%2Fv2%2Fcategories&post=209922"},{"taxonomy":"post_tag","embeddable":true,"href":"https:\/\/diarioregionaldigital.com.br\/index.php?rest_route=%2Fwp%2Fv2%2Ftags&post=209922"}],"curies":[{"name":"wp","href":"https:\/\/api.w.org\/{rel}","templated":true}]}}