{"id":209918,"date":"2023-02-03T18:07:00","date_gmt":"2023-02-03T21:07:00","guid":{"rendered":"https:\/\/diarioregionaldigital.com.br\/?p=209918"},"modified":"2023-02-03T18:07:00","modified_gmt":"2023-02-03T21:07:00","slug":"cni-diz-que-industria-de-transformacao-tem-expansao-2","status":"publish","type":"post","link":"https:\/\/diarioregionaldigital.com.br\/?p=209918","title":{"rendered":"CNI diz que ind\u00fastria de transforma\u00e7\u00e3o tem expans\u00e3o"},"content":{"rendered":"<p>A ind\u00fastria de transforma\u00e7\u00e3o fechou o m\u00eas de dezembro de 2022 com alta no n\u00famero de horas trabalhadas na produ\u00e7\u00e3o, na massa salarial real e no rendimento m\u00e9dio do trabalhador, informou hoje (2), em Bras\u00edlia, a Confedera\u00e7\u00e3o Nacional da Ind\u00fastria (CNI). Os dados, que constam do boletim Indicadores Industriais, apontam para uma trajet\u00f3ria de crescimento que se consolidou ao longo de 2022.<img decoding=\"async\" src=\"https:\/\/agenciabrasil.ebc.com.br\/ebc.png?id=1507646&amp;o=node\" \/><img decoding=\"async\" src=\"https:\/\/agenciabrasil.ebc.com.br\/ebc.gif?id=1507646&amp;o=node\" \/><\/p>\n<p>O emprego registrou estabilidade pelo segundo m\u00eas consecutivo, refor\u00e7ando a acomoda\u00e7\u00e3o do ritmo de crescimento. J\u00e1 o faturamento real e a utiliza\u00e7\u00e3o da capacidade instalada (UCI) recuaram, embora permane\u00e7am em um patamar elevado.<\/p>\n<p>Segundo o boletim, dos seis indicadores registrados, apenas a UCI teve queda ao longo do ano. Os outros cinco registraram crescimento na compara\u00e7\u00e3o anual.<\/p>\n<p>A CNI disse que, entre os principais fatores que contribu\u00edram para esse avan\u00e7o em 2022, est\u00e3o a reorganiza\u00e7\u00e3o gradual das cadeias de suprimento, a desacelera\u00e7\u00e3o inflacion\u00e1ria e a recupera\u00e7\u00e3o do mercado de trabalho, associada \u00e0 atividade econ\u00f4mica mais aquecida.<\/p>\n<p>\u201cO avan\u00e7o acontece a despeito das taxas de juros crescentes, que seguem impedindo um avan\u00e7o mais expressivo da atividade industrial\u201d, disse a CNI.<\/p>\n<p>Em dezembro de 2022, o faturamento real da ind\u00fastria de transforma\u00e7\u00e3o recuou 0,4% em rela\u00e7\u00e3o ao resultado de novembro, na s\u00e9rie livre de efeitos sazonais. Apesar da varia\u00e7\u00e3o negativa no m\u00eas, o faturamento permanece no segundo ponto mais alto desde 2015. Na compara\u00e7\u00e3o acumulada de janeiro a dezembro de 2022 frente ao mesmo per\u00edodo de 2021, o faturamento anota alta de 2,8%.<\/p>\n<h2>Horas trabalhadas crescem<\/h2>\n<p>J\u00e1 o n\u00famero de horas trabalhadas na produ\u00e7\u00e3o cresceu 0,6% em dezembro de 2022, na compara\u00e7\u00e3o com novembro, tamb\u00e9m na s\u00e9rie livre de efeitos sazonais. Na compara\u00e7\u00e3o anual, houve crescimento de 2,7% das horas trabalhadas em 2022.<\/p>\n<p>No \u00faltimo m\u00eas de 2022, o emprego industrial permaneceu est\u00e1vel pelo segundo m\u00eas consecutivo, apresentando uma varia\u00e7\u00e3o de 0,1% na compara\u00e7\u00e3o com novembro. Com o resultado do m\u00eas, o emprego encerra 2022 com alta de 1,5% no acumulado de janeiro a dezembro de 2022, frente ao mesmo per\u00edodo de 2021.<\/p>\n<p>Outro indicador, relativo \u00e0 massa salarial real da ind\u00fastria de transforma\u00e7\u00e3o, tamb\u00e9m cresceu pelo segundo m\u00eas consecutivo, com alta de 0,3% na compara\u00e7\u00e3o com novembro, na s\u00e9rie livre de efeitos sazonais.<\/p>\n<p>\u201cAo longo de 2022, foram nove altas em 12 meses, o que confere uma trajet\u00f3ria crescente \u00e0 massa salarial. No acumulado de janeiro a dezembro, o crescimento foi de 3,7%\u201d, explicou a CNI.<\/p>\n<h2>Rendimento em alta<\/h2>\n<p>O rendimento m\u00e9dio real do trabalhador da ind\u00fastria apresentou, ao longo do ano de 2022, sete altas em 12 meses, fechando, no acumulado de janeiro a dezembro, com um avan\u00e7o \u00e9 de 2,1%. Em dezembro de 2022, o indicador avan\u00e7ou 0,8% em dezembro de 2022, na compara\u00e7\u00e3o com novembro, na s\u00e9rie livre de efeitos sazonais.<\/p>\n<p>J\u00e1 a utiliza\u00e7\u00e3o da capacidade instalada recuou 0,6 ponto percentual (pp) em dezembro de 2022 na compara\u00e7\u00e3o com novembro.<\/p>\n<p>\u201cAo longo de 2022, a s\u00e9rie apresenta uma tend\u00eancia de queda gradual, mas, ainda assim, permanece acima do patamar praticado entre 2016 e 2019. Na compara\u00e7\u00e3o com dezembro de 2021, o indicador mostra recuo de 2,1 pp\u201d, anunciou a CNI.<\/p>\n<p><span style=\"font-weight: 400;\"><br \/>\n<\/span><span style=\"font-weight: 400;\">Fonte: Ag\u00eancia Brasil <\/span><\/p>\n","protected":false},"excerpt":{"rendered":"<p>A ind\u00fastria de transforma\u00e7\u00e3o fechou o m\u00eas de dezembro de 2022 com alta no n\u00famero de horas trabalhadas na produ\u00e7\u00e3o, na massa salarial real e no rendimento m\u00e9dio do trabalhador, informou hoje (2), em Bras\u00edlia, a Confedera\u00e7\u00e3o Nacional da Ind\u00fastria (CNI). Os dados, que constam do boletim Indicadores Industriais, apontam para uma trajet\u00f3ria de crescimento [&hellip;]<\/p>\n","protected":false},"author":246,"featured_media":209919,"comment_status":"closed","ping_status":"closed","sticky":false,"template":"","format":"standard","meta":{"footnotes":""},"categories":[436,261,439],"tags":[],"class_list":["post-209918","post","type-post","status-publish","format-standard","has-post-thumbnail","hentry","category-destaque-da-semana","category-economia","category-ultima-hora"],"_links":{"self":[{"href":"https:\/\/diarioregionaldigital.com.br\/index.php?rest_route=\/wp\/v2\/posts\/209918","targetHints":{"allow":["GET"]}}],"collection":[{"href":"https:\/\/diarioregionaldigital.com.br\/index.php?rest_route=\/wp\/v2\/posts"}],"about":[{"href":"https:\/\/diarioregionaldigital.com.br\/index.php?rest_route=\/wp\/v2\/types\/post"}],"author":[{"embeddable":true,"href":"https:\/\/diarioregionaldigital.com.br\/index.php?rest_route=\/wp\/v2\/users\/246"}],"replies":[{"embeddable":true,"href":"https:\/\/diarioregionaldigital.com.br\/index.php?rest_route=%2Fwp%2Fv2%2Fcomments&post=209918"}],"version-history":[{"count":1,"href":"https:\/\/diarioregionaldigital.com.br\/index.php?rest_route=\/wp\/v2\/posts\/209918\/revisions"}],"predecessor-version":[{"id":209920,"href":"https:\/\/diarioregionaldigital.com.br\/index.php?rest_route=\/wp\/v2\/posts\/209918\/revisions\/209920"}],"wp:featuredmedia":[{"embeddable":true,"href":"https:\/\/diarioregionaldigital.com.br\/index.php?rest_route=\/wp\/v2\/media\/209919"}],"wp:attachment":[{"href":"https:\/\/diarioregionaldigital.com.br\/index.php?rest_route=%2Fwp%2Fv2%2Fmedia&parent=209918"}],"wp:term":[{"taxonomy":"category","embeddable":true,"href":"https:\/\/diarioregionaldigital.com.br\/index.php?rest_route=%2Fwp%2Fv2%2Fcategories&post=209918"},{"taxonomy":"post_tag","embeddable":true,"href":"https:\/\/diarioregionaldigital.com.br\/index.php?rest_route=%2Fwp%2Fv2%2Ftags&post=209918"}],"curies":[{"name":"wp","href":"https:\/\/api.w.org\/{rel}","templated":true}]}}