{"id":209915,"date":"2023-02-03T18:03:19","date_gmt":"2023-02-03T21:03:19","guid":{"rendered":"https:\/\/diarioregionaldigital.com.br\/?p=209915"},"modified":"2023-02-03T18:03:19","modified_gmt":"2023-02-03T21:03:19","slug":"consorcio-vence-leilao-da-antiga-casa-de-shows-canecao","status":"publish","type":"post","link":"https:\/\/diarioregionaldigital.com.br\/?p=209915","title":{"rendered":"Cons\u00f3rcio vence leil\u00e3o da antiga casa de shows Canec\u00e3o"},"content":{"rendered":"<p>O cons\u00f3rcio Bonus-Kleffer foi o vencedor do leil\u00e3o de concess\u00e3o do Equipamento Cultural Multiuso, na regi\u00e3o onde se localizava a antiga casa de shows Canec\u00e3o, em Botafogo, zona sul do Rio. O grupo apresentou proposta de R$ 4,35 milh\u00f5es, cerca de sete vezes superior aos R$ 625 mil definidos pelo edital como valor de outorga m\u00ednima. O prazo de concess\u00e3o ser\u00e1 de 30 anos, com valor estimado dos investimentos obrigat\u00f3rios de R$ 180 milh\u00f5es. O Banco Nacional de Desenvolvimento Econ\u00f4mico e Social (BNDES) foi o respons\u00e1vel pela estrutura\u00e7\u00e3o do leil\u00e3o.<img decoding=\"async\" src=\"https:\/\/agenciabrasil.ebc.com.br\/ebc.png?id=1507898&amp;o=node\" \/><img decoding=\"async\" src=\"https:\/\/agenciabrasil.ebc.com.br\/ebc.gif?id=1507898&amp;o=node\" \/><\/p>\n<p>O projeto modelado pelo banco prev\u00ea a constru\u00e7\u00e3o de um complexo cultural composto por um local para espet\u00e1culos com capacidade m\u00ednima de 3 mil espectadores, uma galeria para exposi\u00e7\u00f5es com pelo menos 320 metros quadrados e uma sala de ensaios com \u00e1rea m\u00ednima de 270 metros quadrados. O quarto ambiente do complexo ser\u00e1 o Espa\u00e7o Ziraldo, com \u00e1rea m\u00ednima de 430 metros quadrados, destinado a exposi\u00e7\u00f5es e a apresenta\u00e7\u00f5es. Esses equipamentos ser\u00e3o compartilhados entre o vencedor do leil\u00e3o \u2013 que vai explor\u00e1-los comercialmente \u2013 e a Universidade Federal do Rio de Janeiro (UFRJ).<\/p>\n<p>\u201cA nova dire\u00e7\u00e3o do banco quer ampliar as estrutura\u00e7\u00f5es de projetos junto \u00e0s universidades e demais institui\u00e7\u00f5es federais de ensino superior\u201d, disse o diretor do BNDES, Nelson Barbosa. \u201cNo caso da UFRJ, a opera\u00e7\u00e3o combina a recupera\u00e7\u00e3o do patrim\u00f4nio com melhoria nos seus servi\u00e7os. Projetos como esse podem melhorar e modernizar nossas faculdades, inclusive com instala\u00e7\u00e3o de solu\u00e7\u00f5es como sistemas de gera\u00e7\u00e3o de energia solar distribu\u00edda\u201d.<\/p>\n<p>As contrapartidas envolvem as constru\u00e7\u00f5es de um restaurante universit\u00e1rio com capacidade de 2 mil refei\u00e7\u00f5es di\u00e1rias e de um pr\u00e9dio acad\u00eamico para cerca de 4 mil estudantes, al\u00e9m da cria\u00e7\u00e3o de espa\u00e7os p\u00fablicos arborizados no entorno.<\/p>\n<p>A UFRJ ter\u00e1 direito anualmente a 50 dias de uso do Equipamento Cultural Multiuso, 90 da galeria para exposi\u00e7\u00f5es e da sala de ensaios e 275 do Espa\u00e7o Ziraldo. Ap\u00f3s o per\u00edodo da concess\u00e3o, todos estes empreendimentos culturais passar\u00e3o para a universidade.<\/p>\n<p>\u201cFicamos muito felizes com o resultado do leil\u00e3o. O BNDES foi um grande parceiro no processo. N\u00f3s agora partimos para a recupera\u00e7\u00e3o do campus da UFRJ. Ser\u00e1 criada uma nova infraestrutura, uma mudan\u00e7a da geografia da Praia Vermelha e isso ser\u00e1 fant\u00e1stico\u201d, comemorou reitor em exerc\u00edcio da UFRJ, Carlos Frederico Le\u00e3o Rocha.<\/p>\n<p><span style=\"font-weight: 400;\">Fonte: Ag\u00eancia Brasil <\/span><\/p>\n","protected":false},"excerpt":{"rendered":"<p>O cons\u00f3rcio Bonus-Kleffer foi o vencedor do leil\u00e3o de concess\u00e3o do Equipamento Cultural Multiuso, na regi\u00e3o onde se localizava a antiga casa de shows Canec\u00e3o, em Botafogo, zona sul do Rio. O grupo apresentou proposta de R$ 4,35 milh\u00f5es, cerca de sete vezes superior aos R$ 625 mil definidos pelo edital como valor de outorga [&hellip;]<\/p>\n","protected":false},"author":246,"featured_media":209916,"comment_status":"closed","ping_status":"closed","sticky":false,"template":"","format":"standard","meta":{"footnotes":""},"categories":[436,261,439],"tags":[],"class_list":["post-209915","post","type-post","status-publish","format-standard","has-post-thumbnail","hentry","category-destaque-da-semana","category-economia","category-ultima-hora"],"_links":{"self":[{"href":"https:\/\/diarioregionaldigital.com.br\/index.php?rest_route=\/wp\/v2\/posts\/209915","targetHints":{"allow":["GET"]}}],"collection":[{"href":"https:\/\/diarioregionaldigital.com.br\/index.php?rest_route=\/wp\/v2\/posts"}],"about":[{"href":"https:\/\/diarioregionaldigital.com.br\/index.php?rest_route=\/wp\/v2\/types\/post"}],"author":[{"embeddable":true,"href":"https:\/\/diarioregionaldigital.com.br\/index.php?rest_route=\/wp\/v2\/users\/246"}],"replies":[{"embeddable":true,"href":"https:\/\/diarioregionaldigital.com.br\/index.php?rest_route=%2Fwp%2Fv2%2Fcomments&post=209915"}],"version-history":[{"count":1,"href":"https:\/\/diarioregionaldigital.com.br\/index.php?rest_route=\/wp\/v2\/posts\/209915\/revisions"}],"predecessor-version":[{"id":209917,"href":"https:\/\/diarioregionaldigital.com.br\/index.php?rest_route=\/wp\/v2\/posts\/209915\/revisions\/209917"}],"wp:featuredmedia":[{"embeddable":true,"href":"https:\/\/diarioregionaldigital.com.br\/index.php?rest_route=\/wp\/v2\/media\/209916"}],"wp:attachment":[{"href":"https:\/\/diarioregionaldigital.com.br\/index.php?rest_route=%2Fwp%2Fv2%2Fmedia&parent=209915"}],"wp:term":[{"taxonomy":"category","embeddable":true,"href":"https:\/\/diarioregionaldigital.com.br\/index.php?rest_route=%2Fwp%2Fv2%2Fcategories&post=209915"},{"taxonomy":"post_tag","embeddable":true,"href":"https:\/\/diarioregionaldigital.com.br\/index.php?rest_route=%2Fwp%2Fv2%2Ftags&post=209915"}],"curies":[{"name":"wp","href":"https:\/\/api.w.org\/{rel}","templated":true}]}}