{"id":209912,"date":"2023-02-03T18:00:38","date_gmt":"2023-02-03T21:00:38","guid":{"rendered":"https:\/\/diarioregionaldigital.com.br\/?p=209912"},"modified":"2023-02-03T18:00:38","modified_gmt":"2023-02-03T21:00:38","slug":"agencia-homologa-reajuste-de-5-de-tarifa-da-ferrovia-norte-sul-2","status":"publish","type":"post","link":"https:\/\/diarioregionaldigital.com.br\/?p=209912","title":{"rendered":"Ag\u00eancia homologa reajuste de 5% de tarifa da Ferrovia Norte-Sul"},"content":{"rendered":"<p>A Ag\u00eancia Nacional de Transportes Terrestres (ANTT) homologou reajuste de 5,03% da tabela tarif\u00e1ria da ferrovia Norte-Sul. A decis\u00e3o foi publicada pelo Minist\u00e9rio do Transporte no\u00a0<em>Di\u00e1rio Oficial da Uni\u00e3o<\/em>\u00a0de hoje (2).<img decoding=\"async\" src=\"https:\/\/agenciabrasil.ebc.com.br\/ebc.png?id=1507692&amp;o=node\" \/><img decoding=\"async\" src=\"https:\/\/agenciabrasil.ebc.com.br\/ebc.gif?id=1507692&amp;o=node\" \/><\/p>\n<p>Al\u00e9m da f\u00f3rmula usada no c\u00e1lculo da tarifa, a\u00a0<a href=\"https:\/\/www.in.gov.br\/web\/dou\/-\/decisao-sufer-n-17-de-27-de-janeiro-de-2023-461731398\" target=\"_blank\" rel=\"noopener\">Decis\u00e3o n\u00ba 17<\/a>\u00a0apresenta uma tabela com valores a serem cobrados para cada tipo de mercadoria: adubos e fertilizantes; cimento, cal e clinquer (mat\u00e9ria prima b\u00e1sica de diversos tipos de cimento); a\u00e7\u00facar; \u00f3leo vegetal; gr\u00e3os e farelos; combust\u00edveis; e algod\u00e3o, entre outros.<\/p>\n<p>A decis\u00e3o inclui ainda os valores a serem cobrados por cont\u00eaineres cheios e vazios, de 20 e de 40 p\u00e9s; bem como a tarifa que ser\u00e1 cobrada para direito de passagem.<\/p>\n<h2>Espinha dorsal<\/h2>\n<p>A Ferrovia Norte-Sul foi concebida com o prop\u00f3sito de ser a espinha dorsal do sistema ferrovi\u00e1rio brasileiro, por meio da qual as principais malhas ferrovi\u00e1rias seriam interligadas, facilitando o escoamento da produ\u00e7\u00e3o nacional e permitindo a conex\u00e3o entre diversas regi\u00f5es produtoras e os grandes portos do pa\u00eds.<\/p>\n<p>Quando conclu\u00edda, ter\u00e1 mais de 4 mil quil\u00f4metros e cortar\u00e1 o pa\u00eds de forma longitudinal, indo do Rio Grande do Sul at\u00e9 o Par\u00e1, passando pelas regi\u00f5es Sudeste e Centro-Oeste e fazendo interliga\u00e7\u00f5es para o Nordeste, em especial, o Maranh\u00e3o.<\/p>\n<p>As primeiras discuss\u00f5es sobre a constru\u00e7\u00e3o dessa ferrovia foram feitas em 1985 e tinham como maior entusiasta o ent\u00e3o presidente da Rep\u00fablica Jos\u00e9 Sarney.<\/p>\n<p><span style=\"font-weight: 400;\">Fonte: Ag\u00eancia Brasil <\/span><\/p>\n","protected":false},"excerpt":{"rendered":"<p>A Ag\u00eancia Nacional de Transportes Terrestres (ANTT) homologou reajuste de 5,03% da tabela tarif\u00e1ria da ferrovia Norte-Sul. A decis\u00e3o foi publicada pelo Minist\u00e9rio do Transporte no\u00a0Di\u00e1rio Oficial da Uni\u00e3o\u00a0de hoje (2). Al\u00e9m da f\u00f3rmula usada no c\u00e1lculo da tarifa, a\u00a0Decis\u00e3o n\u00ba 17\u00a0apresenta uma tabela com valores a serem cobrados para cada tipo de mercadoria: adubos [&hellip;]<\/p>\n","protected":false},"author":246,"featured_media":209913,"comment_status":"closed","ping_status":"closed","sticky":false,"template":"","format":"standard","meta":{"footnotes":""},"categories":[436,261,439],"tags":[],"class_list":["post-209912","post","type-post","status-publish","format-standard","has-post-thumbnail","hentry","category-destaque-da-semana","category-economia","category-ultima-hora"],"_links":{"self":[{"href":"https:\/\/diarioregionaldigital.com.br\/index.php?rest_route=\/wp\/v2\/posts\/209912","targetHints":{"allow":["GET"]}}],"collection":[{"href":"https:\/\/diarioregionaldigital.com.br\/index.php?rest_route=\/wp\/v2\/posts"}],"about":[{"href":"https:\/\/diarioregionaldigital.com.br\/index.php?rest_route=\/wp\/v2\/types\/post"}],"author":[{"embeddable":true,"href":"https:\/\/diarioregionaldigital.com.br\/index.php?rest_route=\/wp\/v2\/users\/246"}],"replies":[{"embeddable":true,"href":"https:\/\/diarioregionaldigital.com.br\/index.php?rest_route=%2Fwp%2Fv2%2Fcomments&post=209912"}],"version-history":[{"count":1,"href":"https:\/\/diarioregionaldigital.com.br\/index.php?rest_route=\/wp\/v2\/posts\/209912\/revisions"}],"predecessor-version":[{"id":209914,"href":"https:\/\/diarioregionaldigital.com.br\/index.php?rest_route=\/wp\/v2\/posts\/209912\/revisions\/209914"}],"wp:featuredmedia":[{"embeddable":true,"href":"https:\/\/diarioregionaldigital.com.br\/index.php?rest_route=\/wp\/v2\/media\/209913"}],"wp:attachment":[{"href":"https:\/\/diarioregionaldigital.com.br\/index.php?rest_route=%2Fwp%2Fv2%2Fmedia&parent=209912"}],"wp:term":[{"taxonomy":"category","embeddable":true,"href":"https:\/\/diarioregionaldigital.com.br\/index.php?rest_route=%2Fwp%2Fv2%2Fcategories&post=209912"},{"taxonomy":"post_tag","embeddable":true,"href":"https:\/\/diarioregionaldigital.com.br\/index.php?rest_route=%2Fwp%2Fv2%2Ftags&post=209912"}],"curies":[{"name":"wp","href":"https:\/\/api.w.org\/{rel}","templated":true}]}}