{"id":209909,"date":"2023-02-03T17:58:28","date_gmt":"2023-02-03T20:58:28","guid":{"rendered":"https:\/\/diarioregionaldigital.com.br\/?p=209909"},"modified":"2023-02-03T17:58:28","modified_gmt":"2023-02-03T20:58:28","slug":"presidente-da-petrobras-indica-5-integrantes-para-diretoria-executiva","status":"publish","type":"post","link":"https:\/\/diarioregionaldigital.com.br\/?p=209909","title":{"rendered":"Presidente da Petrobras indica 5 integrantes para diretoria executiva"},"content":{"rendered":"<p>O presidente da Petrobras, Jean Paul Terra Prates, indicou hoje (2) cinco novos integrantes para a composi\u00e7\u00e3o da diretoria executiva da estatal, s\u00e3o eles: Claudio Schlosser, para a diretoria executiva de Comercializa\u00e7\u00e3o e Log\u00edstica; Carlos Travassos para a diretoria executiva de Desenvolvimento da Produ\u00e7\u00e3o; Joelson Falc\u00e3o foi designado para a diretoria executiva de Explora\u00e7\u00e3o e Produ\u00e7\u00e3o; William Fran\u00e7a indicado para a diretoria executiva de Refino e G\u00e1s Natural e Carlos Augusto Barreto para o cargo da diretoria executiva de Transforma\u00e7\u00e3o Digital e Inova\u00e7\u00e3o.<img decoding=\"async\" src=\"https:\/\/agenciabrasil.ebc.com.br\/ebc.png?id=1507895&amp;o=node\" \/><img decoding=\"async\" src=\"https:\/\/agenciabrasil.ebc.com.br\/ebc.gif?id=1507895&amp;o=node\" \/><\/p>\n<p>As indica\u00e7\u00f5es ser\u00e3o submetidas aos procedimentos internos de governan\u00e7a corporativa, incluindo as respectivas an\u00e1lises de conformidade e integridade necess\u00e1rias ao processo sucess\u00f3rio da companhia, encaminhadas para aprecia\u00e7\u00e3o do Comit\u00ea de Pessoas e, em seguida, delibera\u00e7\u00e3o do Conselho de Administra\u00e7\u00e3o.<\/p>\n<p><span style=\"font-weight: 400;\">Fonte: Ag\u00eancia Brasil <\/span><\/p>\n","protected":false},"excerpt":{"rendered":"<p>O presidente da Petrobras, Jean Paul Terra Prates, indicou hoje (2) cinco novos integrantes para a composi\u00e7\u00e3o da diretoria executiva da estatal, s\u00e3o eles: Claudio Schlosser, para a diretoria executiva de Comercializa\u00e7\u00e3o e Log\u00edstica; Carlos Travassos para a diretoria executiva de Desenvolvimento da Produ\u00e7\u00e3o; Joelson Falc\u00e3o foi designado para a diretoria executiva de Explora\u00e7\u00e3o e [&hellip;]<\/p>\n","protected":false},"author":246,"featured_media":209910,"comment_status":"closed","ping_status":"closed","sticky":false,"template":"","format":"standard","meta":{"footnotes":""},"categories":[436,440,261,439],"tags":[],"class_list":["post-209909","post","type-post","status-publish","format-standard","has-post-thumbnail","hentry","category-destaque-da-semana","category-destaques-do-dia","category-economia","category-ultima-hora"],"_links":{"self":[{"href":"https:\/\/diarioregionaldigital.com.br\/index.php?rest_route=\/wp\/v2\/posts\/209909","targetHints":{"allow":["GET"]}}],"collection":[{"href":"https:\/\/diarioregionaldigital.com.br\/index.php?rest_route=\/wp\/v2\/posts"}],"about":[{"href":"https:\/\/diarioregionaldigital.com.br\/index.php?rest_route=\/wp\/v2\/types\/post"}],"author":[{"embeddable":true,"href":"https:\/\/diarioregionaldigital.com.br\/index.php?rest_route=\/wp\/v2\/users\/246"}],"replies":[{"embeddable":true,"href":"https:\/\/diarioregionaldigital.com.br\/index.php?rest_route=%2Fwp%2Fv2%2Fcomments&post=209909"}],"version-history":[{"count":1,"href":"https:\/\/diarioregionaldigital.com.br\/index.php?rest_route=\/wp\/v2\/posts\/209909\/revisions"}],"predecessor-version":[{"id":209911,"href":"https:\/\/diarioregionaldigital.com.br\/index.php?rest_route=\/wp\/v2\/posts\/209909\/revisions\/209911"}],"wp:featuredmedia":[{"embeddable":true,"href":"https:\/\/diarioregionaldigital.com.br\/index.php?rest_route=\/wp\/v2\/media\/209910"}],"wp:attachment":[{"href":"https:\/\/diarioregionaldigital.com.br\/index.php?rest_route=%2Fwp%2Fv2%2Fmedia&parent=209909"}],"wp:term":[{"taxonomy":"category","embeddable":true,"href":"https:\/\/diarioregionaldigital.com.br\/index.php?rest_route=%2Fwp%2Fv2%2Fcategories&post=209909"},{"taxonomy":"post_tag","embeddable":true,"href":"https:\/\/diarioregionaldigital.com.br\/index.php?rest_route=%2Fwp%2Fv2%2Ftags&post=209909"}],"curies":[{"name":"wp","href":"https:\/\/api.w.org\/{rel}","templated":true}]}}