{"id":209899,"date":"2023-02-02T22:18:30","date_gmt":"2023-02-03T01:18:30","guid":{"rendered":"https:\/\/diarioregionaldigital.com.br\/?p=209899"},"modified":"2023-02-02T22:18:30","modified_gmt":"2023-02-03T01:18:30","slug":"pjf-supera-numeros-de-janeiro-de-2022-nas-acoes-de-zeladoria","status":"publish","type":"post","link":"https:\/\/diarioregionaldigital.com.br\/?p=209899","title":{"rendered":"PJF supera n\u00fameros de janeiro de 2022 nas a\u00e7\u00f5es de zeladoria"},"content":{"rendered":"<p>Segundo informa\u00e7\u00f5es do site da Prefeitura de Juiz de Fora (PJF), durante o m\u00eas de janeiro, a opera\u00e7\u00e3o tapa-buraco da Prefeitura de Juiz de Fora (PJF) realizou mais de 7.200 recomposi\u00e7\u00f5es nas ruas da cidade. Foram quase 220 vias atendidas, em 70 bairros. No total, foram aplicadas 2.226 toneladas de massa asf\u00e1ltica.<\/p>\n<div id=\"box_texto_noticia\">\n<p>&nbsp;<\/p>\n<p>No primeiro m\u00eas do ano passado, a Empresa Municipal de Pavimenta\u00e7\u00e3o e Urbanidades (Empav) realizou 6.863 recomposi\u00e7\u00f5es em 133 pontos. Isso significa um aumento de 64,5% de pontos atendidos na compara\u00e7\u00e3o.<br \/>\n<strong>Aumento tamb\u00e9m na poda de grama<\/strong><br \/>\nAl\u00e9m do aumento de produtividade da opera\u00e7\u00e3o tapa-buracos, a Empav registrou tamb\u00e9m n\u00fameros expressivos no que diz respeito a limpeza e poda de grama das \u00e1reas verdes da cidade. Somente nos primeiros 31 dias deste ano, foram realizados cerca de cem atendimentos em pra\u00e7as, canteiros e trevos de Juiz de Fora. Em janeiro de 2022, foram 30 atendimentos, o que significa um aumento de mais de 300%.<br \/>\nOs n\u00fameros provam que a PJF trabalha cada dia mais para superar seus resultados e fazer da cidade um ambiente ainda melhor e mais seguro para todos e todas.<br \/>\nAs a\u00e7\u00f5es seguem em andamento na cidade e a programa\u00e7\u00e3o di\u00e1ria completa pode ser conferida na p\u00e1gina do Gabinete de A\u00e7\u00e3o e Di\u00e1logo Comunit\u00e1rio atrav\u00e9s do link. Para solicitar servi\u00e7os de zeladoria em vias p\u00fablicas, como tapa-buracos, poda e corte de \u00e1rvores, limpeza de pra\u00e7as e outros, entre em contato com o Gabinete de A\u00e7\u00e3o e Di\u00e1logo Comunit\u00e1rio, atrav\u00e9s do telefone (32) 3690-7241 (liga\u00e7\u00e3o ou WhatsApp).<\/p>\n<\/div>\n<p>&nbsp;<\/p>\n<div id=\"box_compartilhar\" align=\"right\"><\/div>\n","protected":false},"excerpt":{"rendered":"<p>Segundo informa\u00e7\u00f5es do site da Prefeitura de Juiz de Fora (PJF), durante o m\u00eas de janeiro, a opera\u00e7\u00e3o tapa-buraco da Prefeitura de Juiz de Fora (PJF) realizou mais de 7.200 recomposi\u00e7\u00f5es nas ruas da cidade. Foram quase 220 vias atendidas, em 70 bairros. No total, foram aplicadas 2.226 toneladas de massa asf\u00e1ltica. &nbsp; No primeiro [&hellip;]<\/p>\n","protected":false},"author":246,"featured_media":209900,"comment_status":"closed","ping_status":"closed","sticky":false,"template":"","format":"standard","meta":{"footnotes":""},"categories":[253,436,439],"tags":[],"class_list":["post-209899","post","type-post","status-publish","format-standard","has-post-thumbnail","hentry","category-cidade","category-destaque-da-semana","category-ultima-hora"],"_links":{"self":[{"href":"https:\/\/diarioregionaldigital.com.br\/index.php?rest_route=\/wp\/v2\/posts\/209899","targetHints":{"allow":["GET"]}}],"collection":[{"href":"https:\/\/diarioregionaldigital.com.br\/index.php?rest_route=\/wp\/v2\/posts"}],"about":[{"href":"https:\/\/diarioregionaldigital.com.br\/index.php?rest_route=\/wp\/v2\/types\/post"}],"author":[{"embeddable":true,"href":"https:\/\/diarioregionaldigital.com.br\/index.php?rest_route=\/wp\/v2\/users\/246"}],"replies":[{"embeddable":true,"href":"https:\/\/diarioregionaldigital.com.br\/index.php?rest_route=%2Fwp%2Fv2%2Fcomments&post=209899"}],"version-history":[{"count":1,"href":"https:\/\/diarioregionaldigital.com.br\/index.php?rest_route=\/wp\/v2\/posts\/209899\/revisions"}],"predecessor-version":[{"id":209901,"href":"https:\/\/diarioregionaldigital.com.br\/index.php?rest_route=\/wp\/v2\/posts\/209899\/revisions\/209901"}],"wp:featuredmedia":[{"embeddable":true,"href":"https:\/\/diarioregionaldigital.com.br\/index.php?rest_route=\/wp\/v2\/media\/209900"}],"wp:attachment":[{"href":"https:\/\/diarioregionaldigital.com.br\/index.php?rest_route=%2Fwp%2Fv2%2Fmedia&parent=209899"}],"wp:term":[{"taxonomy":"category","embeddable":true,"href":"https:\/\/diarioregionaldigital.com.br\/index.php?rest_route=%2Fwp%2Fv2%2Fcategories&post=209899"},{"taxonomy":"post_tag","embeddable":true,"href":"https:\/\/diarioregionaldigital.com.br\/index.php?rest_route=%2Fwp%2Fv2%2Ftags&post=209899"}],"curies":[{"name":"wp","href":"https:\/\/api.w.org\/{rel}","templated":true}]}}