{"id":209896,"date":"2023-02-02T22:17:14","date_gmt":"2023-02-03T01:17:14","guid":{"rendered":"https:\/\/diarioregionaldigital.com.br\/?p=209896"},"modified":"2023-02-02T22:17:14","modified_gmt":"2023-02-03T01:17:14","slug":"onibus-da-regiao-sul-voltam-a-circular-pela-avenida-ibitiguaia-a-partir-desta-sexta-3","status":"publish","type":"post","link":"https:\/\/diarioregionaldigital.com.br\/?p=209896","title":{"rendered":"\u00d4nibus da Regi\u00e3o Sul voltam a circular pela Avenida Ibitiguaia a partir desta sexta, 3"},"content":{"rendered":"<p>Segundo informa\u00e7\u00f5es do site da Prefeitura de Juiz de Fora (PJF), as linhas do transporte coletivo que estavam com itiner\u00e1rio alterado para a realiza\u00e7\u00e3o de obras na Avenida Ibitiguaia, como de despolui\u00e7\u00e3o do Rio Paraibuna, retornam ao seu trajeto normal no sentindo bairro\/Centro a partir da primeira viagem desta sexta-feira, 3.<\/p>\n<p>As linhas s\u00e3o as seguintes: 104, 106, 113, 114, 118, 129, 130, 131, 132, 133, 134, 135, 136, 137, 140, 141, 142, 143, 145, 190 e 590.<\/p>\n<p>Os hor\u00e1rios e itiner\u00e1rios podem ser conferidos a partir desta sexta-feira no site da Prefeitura de Juiz de Fora (PJF).<\/p>\n","protected":false},"excerpt":{"rendered":"<p>Segundo informa\u00e7\u00f5es do site da Prefeitura de Juiz de Fora (PJF), as linhas do transporte coletivo que estavam com itiner\u00e1rio alterado para a realiza\u00e7\u00e3o de obras na Avenida Ibitiguaia, como de despolui\u00e7\u00e3o do Rio Paraibuna, retornam ao seu trajeto normal no sentindo bairro\/Centro a partir da primeira viagem desta sexta-feira, 3. As linhas s\u00e3o as [&hellip;]<\/p>\n","protected":false},"author":246,"featured_media":209897,"comment_status":"closed","ping_status":"closed","sticky":false,"template":"","format":"standard","meta":{"footnotes":""},"categories":[253,436,439],"tags":[],"class_list":["post-209896","post","type-post","status-publish","format-standard","has-post-thumbnail","hentry","category-cidade","category-destaque-da-semana","category-ultima-hora"],"_links":{"self":[{"href":"https:\/\/diarioregionaldigital.com.br\/index.php?rest_route=\/wp\/v2\/posts\/209896","targetHints":{"allow":["GET"]}}],"collection":[{"href":"https:\/\/diarioregionaldigital.com.br\/index.php?rest_route=\/wp\/v2\/posts"}],"about":[{"href":"https:\/\/diarioregionaldigital.com.br\/index.php?rest_route=\/wp\/v2\/types\/post"}],"author":[{"embeddable":true,"href":"https:\/\/diarioregionaldigital.com.br\/index.php?rest_route=\/wp\/v2\/users\/246"}],"replies":[{"embeddable":true,"href":"https:\/\/diarioregionaldigital.com.br\/index.php?rest_route=%2Fwp%2Fv2%2Fcomments&post=209896"}],"version-history":[{"count":1,"href":"https:\/\/diarioregionaldigital.com.br\/index.php?rest_route=\/wp\/v2\/posts\/209896\/revisions"}],"predecessor-version":[{"id":209898,"href":"https:\/\/diarioregionaldigital.com.br\/index.php?rest_route=\/wp\/v2\/posts\/209896\/revisions\/209898"}],"wp:featuredmedia":[{"embeddable":true,"href":"https:\/\/diarioregionaldigital.com.br\/index.php?rest_route=\/wp\/v2\/media\/209897"}],"wp:attachment":[{"href":"https:\/\/diarioregionaldigital.com.br\/index.php?rest_route=%2Fwp%2Fv2%2Fmedia&parent=209896"}],"wp:term":[{"taxonomy":"category","embeddable":true,"href":"https:\/\/diarioregionaldigital.com.br\/index.php?rest_route=%2Fwp%2Fv2%2Fcategories&post=209896"},{"taxonomy":"post_tag","embeddable":true,"href":"https:\/\/diarioregionaldigital.com.br\/index.php?rest_route=%2Fwp%2Fv2%2Ftags&post=209896"}],"curies":[{"name":"wp","href":"https:\/\/api.w.org\/{rel}","templated":true}]}}