{"id":209893,"date":"2023-02-02T22:15:51","date_gmt":"2023-02-03T01:15:51","guid":{"rendered":"https:\/\/diarioregionaldigital.com.br\/?p=209893"},"modified":"2023-02-02T22:15:51","modified_gmt":"2023-02-03T01:15:51","slug":"pjf-atende-19-pracas-da-cidade-com-limpeza-e-poda-de-grama-em-tres-dias","status":"publish","type":"post","link":"https:\/\/diarioregionaldigital.com.br\/?p=209893","title":{"rendered":"PJF atende 19 pra\u00e7as da cidade com limpeza e poda de grama em tr\u00eas dias."},"content":{"rendered":"<p>Segundo informa\u00e7\u00f5es do site da Prefeitura de Juiz de Fora (PJF), o Programa Boniteza, da Prefeitura de Juiz de Fora (PJF), segue com os trabalhos de zeladoria pela cidade. De segunda-feira, 30, at\u00e9 esta quarta-feira, 2, as equipes da PJF estiveram em 19 pra\u00e7as, em 12 bairros da cidade, com os servi\u00e7os de limpeza e poda de grama.<\/p>\n<p>Entre os locais que receberam os atendimentos, est\u00e3o as pra\u00e7as Hamilton Alves da Costa, no bairro Santa C\u00e2ndida, Sebasti\u00e3o Prefeito Filho, na Cidade do Sol, e Armando Toschi, no Jardim Gl\u00f3ria.<\/p>\n<p>Os trabalhos contribuem para tornar as pra\u00e7as um ambiente mais receptivo para a popula\u00e7\u00e3o, estimulando o conv\u00edvio social, deixando o espa\u00e7o p\u00fablico agrad\u00e1vel e mais seguro.<\/p>\n<p>Al\u00e9m das pra\u00e7as, a Empresa Municipal de Pavimenta\u00e7\u00e3o e Urbanidades (Empav) atuou tamb\u00e9m nos canteiros de alguns bairros do munic\u00edpio, como na Rua Para\u00edso de Alc\u00e2ntara, no Barbosa Lage e na Avenida dos Andradas, no bairro Santa Catarina.<\/p>\n<p>As a\u00e7\u00f5es seguem em andamento na cidade e a programa\u00e7\u00e3o di\u00e1ria completa pode ser conferida na p\u00e1gina do Gabinete de A\u00e7\u00e3o e Di\u00e1logo Comunit\u00e1rio atrav\u00e9s do<strong><a href=\"https:\/\/www.pjf.mg.gov.br\/gabinetecomunitario\/#onde\">\u00a0link<\/a><\/strong>. Para solicitar servi\u00e7os de zeladoria em vias p\u00fablicas, como tapa-buracos, poda e corte de \u00e1rvores, limpeza de pra\u00e7as e outros, entre em contato com o Gabinete de A\u00e7\u00e3o e Di\u00e1logo Comunit\u00e1rio, atrav\u00e9s do telefone (32) 3690-7241 (liga\u00e7\u00e3o ou WhatsApp).<\/p>\n","protected":false},"excerpt":{"rendered":"<p>Segundo informa\u00e7\u00f5es do site da Prefeitura de Juiz de Fora (PJF), o Programa Boniteza, da Prefeitura de Juiz de Fora (PJF), segue com os trabalhos de zeladoria pela cidade. De segunda-feira, 30, at\u00e9 esta quarta-feira, 2, as equipes da PJF estiveram em 19 pra\u00e7as, em 12 bairros da cidade, com os servi\u00e7os de limpeza e [&hellip;]<\/p>\n","protected":false},"author":246,"featured_media":209894,"comment_status":"closed","ping_status":"closed","sticky":false,"template":"","format":"standard","meta":{"footnotes":""},"categories":[253,436,439],"tags":[],"class_list":["post-209893","post","type-post","status-publish","format-standard","has-post-thumbnail","hentry","category-cidade","category-destaque-da-semana","category-ultima-hora"],"_links":{"self":[{"href":"https:\/\/diarioregionaldigital.com.br\/index.php?rest_route=\/wp\/v2\/posts\/209893","targetHints":{"allow":["GET"]}}],"collection":[{"href":"https:\/\/diarioregionaldigital.com.br\/index.php?rest_route=\/wp\/v2\/posts"}],"about":[{"href":"https:\/\/diarioregionaldigital.com.br\/index.php?rest_route=\/wp\/v2\/types\/post"}],"author":[{"embeddable":true,"href":"https:\/\/diarioregionaldigital.com.br\/index.php?rest_route=\/wp\/v2\/users\/246"}],"replies":[{"embeddable":true,"href":"https:\/\/diarioregionaldigital.com.br\/index.php?rest_route=%2Fwp%2Fv2%2Fcomments&post=209893"}],"version-history":[{"count":1,"href":"https:\/\/diarioregionaldigital.com.br\/index.php?rest_route=\/wp\/v2\/posts\/209893\/revisions"}],"predecessor-version":[{"id":209895,"href":"https:\/\/diarioregionaldigital.com.br\/index.php?rest_route=\/wp\/v2\/posts\/209893\/revisions\/209895"}],"wp:featuredmedia":[{"embeddable":true,"href":"https:\/\/diarioregionaldigital.com.br\/index.php?rest_route=\/wp\/v2\/media\/209894"}],"wp:attachment":[{"href":"https:\/\/diarioregionaldigital.com.br\/index.php?rest_route=%2Fwp%2Fv2%2Fmedia&parent=209893"}],"wp:term":[{"taxonomy":"category","embeddable":true,"href":"https:\/\/diarioregionaldigital.com.br\/index.php?rest_route=%2Fwp%2Fv2%2Fcategories&post=209893"},{"taxonomy":"post_tag","embeddable":true,"href":"https:\/\/diarioregionaldigital.com.br\/index.php?rest_route=%2Fwp%2Fv2%2Ftags&post=209893"}],"curies":[{"name":"wp","href":"https:\/\/api.w.org\/{rel}","templated":true}]}}