{"id":209875,"date":"2023-02-02T22:00:09","date_gmt":"2023-02-03T01:00:09","guid":{"rendered":"https:\/\/diarioregionaldigital.com.br\/?p=209875"},"modified":"2023-02-02T22:00:09","modified_gmt":"2023-02-03T01:00:09","slug":"um-dia-apos-perder-mandato-daniel-silveira-e-preso-em-petropolis","status":"publish","type":"post","link":"https:\/\/diarioregionaldigital.com.br\/?p=209875","title":{"rendered":"Um dia ap\u00f3s perder mandato, Daniel Silveira \u00e9 preso em Petr\u00f3polis"},"content":{"rendered":"<p>O ex-deputado federal Daniel Silveira foi preso novamente hoje (2), por descumprir as regras da deten\u00e7\u00e3o domiciliar. A pris\u00e3o ocorreu na casa de Silveira, na cidade de Petr\u00f3polis, na regi\u00e3o serrana do Rio de Janeiro.<img decoding=\"async\" src=\"https:\/\/agenciabrasil.ebc.com.br\/ebc.png?id=1507653&amp;o=node\" \/><img decoding=\"async\" src=\"https:\/\/agenciabrasil.ebc.com.br\/ebc.gif?id=1507653&amp;o=node\" \/><\/p>\n<p>Os agentes da Pol\u00edcia Federal tamb\u00e9m cumpriram um mandado de busca e apreens\u00e3o na resid\u00eancia de Silveira para recolher armas, muni\u00e7\u00f5es, dinheiro em esp\u00e9cie, computadores, celulares e outros dispositivos eletr\u00f4nicos ou materiais relevantes. O passaporte do ex-deputado tamb\u00e9m foi apreendido e cancelado, e a Justi\u00e7a determinou ainda a suspens\u00e3o dos seus registros de armamento e portes de arma de fogo.<\/p>\n<p>A ordem de pris\u00e3o foi dada pelo ministro do Supremo Tribunal Federal, Alexandre de Moraes, ap\u00f3s Silveira danificar a tornozeleira eletr\u00f4nica que \u00e9 obrigado a usar, e fazer novos ataques contra o STF e o sistema eleitoral brasileiro, em v\u00eddeos divulgados na internet e em discurso na C\u00e2mara dos Deputados. Na decis\u00e3o, Moraes declarou que as condutas de Silveira \u201crevelam o seu completo desprezo pelo Poder Judici\u00e1rio\u201d.<\/p>\n<p>De acordo com o ministro \u201cest\u00e1 largamente demonstrada, diante das repetidas viola\u00e7\u00f5es, a inadequa\u00e7\u00e3o das medidas cautelares em cessar o\u00a0<em>periculum libertatis<\/em>\u00a0do investigado, o que indica a necessidade de restabelecimento da pris\u00e3o, n\u00e3o sendo vislumbradas, por ora, outras medidas aptas a cumprir sua fun\u00e7\u00e3o\u201d.<\/p>\n<p>Moares ressaltou ainda que Silveira j\u00e1 acumula uma multa no valor de R$ 4,38 milh\u00f5es pelo descumprimento das medidas cautelares e, mesmo com o preju\u00edzo financeiro, Silveira continua demonstrando \u201ccompleto desrespeito e deboche com as decis\u00f5es judiciais\u201d dadas pela Suprema Corte.<\/p>\n<p>O ex-deputado foi condenado, em abril do ano passado, a 8 anos e 9 meses de pris\u00e3o por proferir discursos de \u00f3dio e atentar contra o estado democr\u00e1tico de direito, mas recebeu indulto do ex-presidente da rep\u00fablica Jair Bolsonaro. Apesar do perd\u00e3o presidencial evitar que Silveira fosse preso, o STF entendeu que a decis\u00e3o n\u00e3o se estenderia \u00e0s medidas cautelares.<\/p>\n<p>Nas \u00faltimas elei\u00e7\u00f5es para o Legislativo, Daniel Silveira foi candidato ao Senado com o apoio do ex-presidente, mas conseguiu apenas 1,5 milh\u00e3o de votos e n\u00e3o se elegeu.<\/p>\n<p><span style=\"font-weight: 400;\">Fonte: Ag\u00eancia Brasil <\/span><\/p>\n","protected":false},"excerpt":{"rendered":"<p>O ex-deputado federal Daniel Silveira foi preso novamente hoje (2), por descumprir as regras da deten\u00e7\u00e3o domiciliar. A pris\u00e3o ocorreu na casa de Silveira, na cidade de Petr\u00f3polis, na regi\u00e3o serrana do Rio de Janeiro. Os agentes da Pol\u00edcia Federal tamb\u00e9m cumpriram um mandado de busca e apreens\u00e3o na resid\u00eancia de Silveira para recolher armas, [&hellip;]<\/p>\n","protected":false},"author":246,"featured_media":209876,"comment_status":"closed","ping_status":"closed","sticky":false,"template":"","format":"standard","meta":{"footnotes":""},"categories":[436,254,439],"tags":[],"class_list":["post-209875","post","type-post","status-publish","format-standard","has-post-thumbnail","hentry","category-destaque-da-semana","category-politica","category-ultima-hora"],"_links":{"self":[{"href":"https:\/\/diarioregionaldigital.com.br\/index.php?rest_route=\/wp\/v2\/posts\/209875","targetHints":{"allow":["GET"]}}],"collection":[{"href":"https:\/\/diarioregionaldigital.com.br\/index.php?rest_route=\/wp\/v2\/posts"}],"about":[{"href":"https:\/\/diarioregionaldigital.com.br\/index.php?rest_route=\/wp\/v2\/types\/post"}],"author":[{"embeddable":true,"href":"https:\/\/diarioregionaldigital.com.br\/index.php?rest_route=\/wp\/v2\/users\/246"}],"replies":[{"embeddable":true,"href":"https:\/\/diarioregionaldigital.com.br\/index.php?rest_route=%2Fwp%2Fv2%2Fcomments&post=209875"}],"version-history":[{"count":1,"href":"https:\/\/diarioregionaldigital.com.br\/index.php?rest_route=\/wp\/v2\/posts\/209875\/revisions"}],"predecessor-version":[{"id":209877,"href":"https:\/\/diarioregionaldigital.com.br\/index.php?rest_route=\/wp\/v2\/posts\/209875\/revisions\/209877"}],"wp:featuredmedia":[{"embeddable":true,"href":"https:\/\/diarioregionaldigital.com.br\/index.php?rest_route=\/wp\/v2\/media\/209876"}],"wp:attachment":[{"href":"https:\/\/diarioregionaldigital.com.br\/index.php?rest_route=%2Fwp%2Fv2%2Fmedia&parent=209875"}],"wp:term":[{"taxonomy":"category","embeddable":true,"href":"https:\/\/diarioregionaldigital.com.br\/index.php?rest_route=%2Fwp%2Fv2%2Fcategories&post=209875"},{"taxonomy":"post_tag","embeddable":true,"href":"https:\/\/diarioregionaldigital.com.br\/index.php?rest_route=%2Fwp%2Fv2%2Ftags&post=209875"}],"curies":[{"name":"wp","href":"https:\/\/api.w.org\/{rel}","templated":true}]}}