{"id":209869,"date":"2023-02-02T21:56:46","date_gmt":"2023-02-03T00:56:46","guid":{"rendered":"https:\/\/diarioregionaldigital.com.br\/?p=209869"},"modified":"2023-02-02T21:56:46","modified_gmt":"2023-02-03T00:56:46","slug":"reforma-tributaria-pode-ser-votada-ate-final-do-ano-diz-guimaraes","status":"publish","type":"post","link":"https:\/\/diarioregionaldigital.com.br\/?p=209869","title":{"rendered":"Reforma tribut\u00e1ria pode ser votada at\u00e9 final do ano, diz Guimar\u00e3es"},"content":{"rendered":"<p>A reforma tribut\u00e1ria \u00e9 um dos projetos priorit\u00e1rios do governo no Congresso este ano. Ap\u00f3s reuni\u00e3o com o presidente Luiz In\u00e1cio Lula da Silva,\u00a0hoje\u00a0(2), no Pal\u00e1cio do Planalto, o l\u00edder do governo na C\u00e2mara, deputado Jos\u00e9 Guimar\u00e3es (PT-CE), disse que, \u201centre tantos assuntos importantes\u201d, este foi um dos citados por Lula.<img decoding=\"async\" src=\"https:\/\/agenciabrasil.ebc.com.br\/ebc.png?id=1507702&amp;o=node\" \/><img decoding=\"async\" src=\"https:\/\/agenciabrasil.ebc.com.br\/ebc.gif?id=1507702&amp;o=node\" \/><\/p>\n<p>Para o deputado, \u00e9 poss\u00edvel aprovar um texto de reforma at\u00e9 o final deste ano. \u201c[A negocia\u00e7\u00e3o] est\u00e1 sob comando do ministro [da Fazenda, Fernando] Haddad, os vice-l\u00edderes v\u00e3o ajudar, temos aqui especialistas na \u00e1rea. Vamos come\u00e7ar a dialogar a partir de\u00a0segunda-feira [6] sobre o conte\u00fado dela e o que podemos fazer antecipadamente para termos uma reforma tribut\u00e1ria robusta que d\u00ea conta dos problemas\u201d, disse.<\/p>\n<p>Em\u00a0<a href=\"https:\/\/agenciabrasil.ebc.com.br\/economia\/noticia\/2023-01\/reforma-tributaria-sobre-renda-pode-ser-votada-neste-ano-diz-haddad\" target=\"_blank\" rel=\"noopener\">declara\u00e7\u00e3o recente<\/a>, Haddad disse que o governo pretende votar a reforma tribut\u00e1ria sobre o consumo no primeiro semestre deste ano e a reforma sobre a renda no segundo semestre.<\/p>\n<p>A simplifica\u00e7\u00e3o da tributa\u00e7\u00e3o sobre o consumo est\u00e1 no centro da primeira fase e o texto pretende se basear em duas propostas de emenda \u00e0 Constitui\u00e7\u00e3o (PEC) em tramita\u00e7\u00e3o no Congresso (PEC 45\/2019 e PEC 110\/2019). Elas re\u00fanem diversos tributos que\u00a0hoje\u00a0incidem sobre o consumo em menos tributos. A diverg\u00eancia est\u00e1 no n\u00famero de tributos unificados e na forma como ocorrer\u00e1 a fus\u00e3o. H\u00e1\u00a0<a href=\"http:\/\/xn--entenda%20propostas%20de%20reforma%20tributria%20paradas%20no%20congresso-l5f\/\" target=\"_blank\" rel=\"noopener\">propostas de reforma tribut\u00e1ria paradas no Congresso<\/a>\u00a0de reforma tribut\u00e1ria paradas no Congresso.<\/p>\n<p>Nesta\u00a0quinta-feira, Lula recebeu Guimar\u00e3es e mais 13 dos 15 vice-l\u00edderes do governo na C\u00e2mara, escolhidos entre os partidos da base aliada. De acordo com o deputado, o encontro foi de aproxima\u00e7\u00e3o e di\u00e1logo com o presidente, \u201cque ser\u00e1 permanente\u201d. \u201c\u00c9 isso que faz fluir e os vice-l\u00edderes exercerem protagonismo nas mat\u00e9rias importantes para o governo e o pa\u00eds\u201d, disse Guimar\u00e3es.<\/p>\n<p><span style=\"font-weight: 400;\">Fonte: Ag\u00eancia Brasil <\/span><\/p>\n","protected":false},"excerpt":{"rendered":"<p>A reforma tribut\u00e1ria \u00e9 um dos projetos priorit\u00e1rios do governo no Congresso este ano. Ap\u00f3s reuni\u00e3o com o presidente Luiz In\u00e1cio Lula da Silva,\u00a0hoje\u00a0(2), no Pal\u00e1cio do Planalto, o l\u00edder do governo na C\u00e2mara, deputado Jos\u00e9 Guimar\u00e3es (PT-CE), disse que, \u201centre tantos assuntos importantes\u201d, este foi um dos citados por Lula. Para o deputado, \u00e9 [&hellip;]<\/p>\n","protected":false},"author":246,"featured_media":209870,"comment_status":"closed","ping_status":"closed","sticky":false,"template":"","format":"standard","meta":{"footnotes":""},"categories":[436,254,439],"tags":[],"class_list":["post-209869","post","type-post","status-publish","format-standard","has-post-thumbnail","hentry","category-destaque-da-semana","category-politica","category-ultima-hora"],"_links":{"self":[{"href":"https:\/\/diarioregionaldigital.com.br\/index.php?rest_route=\/wp\/v2\/posts\/209869","targetHints":{"allow":["GET"]}}],"collection":[{"href":"https:\/\/diarioregionaldigital.com.br\/index.php?rest_route=\/wp\/v2\/posts"}],"about":[{"href":"https:\/\/diarioregionaldigital.com.br\/index.php?rest_route=\/wp\/v2\/types\/post"}],"author":[{"embeddable":true,"href":"https:\/\/diarioregionaldigital.com.br\/index.php?rest_route=\/wp\/v2\/users\/246"}],"replies":[{"embeddable":true,"href":"https:\/\/diarioregionaldigital.com.br\/index.php?rest_route=%2Fwp%2Fv2%2Fcomments&post=209869"}],"version-history":[{"count":1,"href":"https:\/\/diarioregionaldigital.com.br\/index.php?rest_route=\/wp\/v2\/posts\/209869\/revisions"}],"predecessor-version":[{"id":209871,"href":"https:\/\/diarioregionaldigital.com.br\/index.php?rest_route=\/wp\/v2\/posts\/209869\/revisions\/209871"}],"wp:featuredmedia":[{"embeddable":true,"href":"https:\/\/diarioregionaldigital.com.br\/index.php?rest_route=\/wp\/v2\/media\/209870"}],"wp:attachment":[{"href":"https:\/\/diarioregionaldigital.com.br\/index.php?rest_route=%2Fwp%2Fv2%2Fmedia&parent=209869"}],"wp:term":[{"taxonomy":"category","embeddable":true,"href":"https:\/\/diarioregionaldigital.com.br\/index.php?rest_route=%2Fwp%2Fv2%2Fcategories&post=209869"},{"taxonomy":"post_tag","embeddable":true,"href":"https:\/\/diarioregionaldigital.com.br\/index.php?rest_route=%2Fwp%2Fv2%2Ftags&post=209869"}],"curies":[{"name":"wp","href":"https:\/\/api.w.org\/{rel}","templated":true}]}}