{"id":209846,"date":"2023-02-01T20:06:21","date_gmt":"2023-02-01T23:06:21","guid":{"rendered":"https:\/\/diarioregionaldigital.com.br\/?p=209846"},"modified":"2023-02-01T20:06:21","modified_gmt":"2023-02-01T23:06:21","slug":"prazo-para-pagamento-a-vista-com-10-de-desconto-no-iptu-termina-nesta-quinta-feira-2","status":"publish","type":"post","link":"https:\/\/diarioregionaldigital.com.br\/?p=209846","title":{"rendered":"Prazo para pagamento \u00e0 vista com 10% de desconto no IPTU termina nesta quinta-feira, 2"},"content":{"rendered":"<p>Segundo informa\u00e7\u00f5es do site da Prefeitura de Juiz de Fora (PJF), o prazo para o pagamento \u00e0 vista do Imposto Predial e Territorial Urbano (IPTU) vai at\u00e9 a meia-noite desta quinta-feira, dia 2. Os cidad\u00e3os que n\u00e3o possuem d\u00e9bito com o munic\u00edpio e desejam obter o desconto de 10% para pagamento \u00e0 vista do IPTU\/2023 devem retirar o Documento de Arrecada\u00e7\u00e3o Municipal (DAM) no <a href=\"https:\/\/tributos4.pjf.mg.gov.br\/iptu\/\">site da Prefeitura<\/a>, no \u00edtem<a href=\"https:\/\/www.pjf.mg.gov.br\/secretarias\/sf\/iptu\/index.php\">\u00a0\u201cIPTU Online\u201d<\/a>.<\/p>\n<div id=\"box_texto_noticia\">\n<p><strong>Pagamento presencial\u00a0<\/strong><\/p>\n<p>Excepcionalmente para quem n\u00e3o conseguir emitir o DAM atrav\u00e9s do site da Prefeitura, a PJF oferece esse servi\u00e7o no Departamento de Atendimento ao Cidad\u00e3o Centro e Regionais (DAC) atrav\u00e9s de agendamento pelos telefones: (32) 2104-8530 | 2104-8531 2104-8580 | 3690-8151 | 2104-8531 (WhatsApp).<\/p>\n<p>Ainda neste ano, ser\u00e1 poss\u00edvel emitir o boleto diretamente nas casas lot\u00e9ricas conveniadas com a PJF. Confira a lista no anexo.<\/p>\n<p><strong>Pagamento parcelado<\/strong><\/p>\n<p>Parcelado em 10 vezes sem desconto, com o vencimento da primeira parcela em 20 de mar\u00e7o de 2023 e as demais, nos dias 20 dos meses subsequentes, at\u00e9 dezembro.<\/p>\n<p>Para os im\u00f3veis edificados e para os n\u00e3o edificados dos quais a PJF possua o endere\u00e7o de notifica\u00e7\u00e3o, voc\u00ea receber\u00e1 o carn\u00ea atrav\u00e9s dos Correios, no per\u00edodo de 01 a 19 de mar\u00e7o de 2023 ou poder\u00e1 ser emitido atrav\u00e9s do<a href=\"https:\/\/tributos4.pjf.mg.gov.br\/iptu\/\">\u00a0site da Prefeitura.<\/a><\/p>\n<div><\/div>\n<\/div>\n<p>&nbsp;<\/p>\n<div class=\"texto_anexo\"><img loading=\"lazy\" decoding=\"async\" src=\"https:\/\/www.pjf.mg.gov.br\/imagens\/clips.jpg\" width=\"22\" height=\"20\" \/>\u00a0<a href=\"https:\/\/www.pjf.mg.gov.br\/noticias\/anexo\/lista-de-lotericas.pdf\" target=\"_blank\" rel=\"noopener\">Veja o anexo<\/a><\/div>\n","protected":false},"excerpt":{"rendered":"<p>Segundo informa\u00e7\u00f5es do site da Prefeitura de Juiz de Fora (PJF), o prazo para o pagamento \u00e0 vista do Imposto Predial e Territorial Urbano (IPTU) vai at\u00e9 a meia-noite desta quinta-feira, dia 2. Os cidad\u00e3os que n\u00e3o possuem d\u00e9bito com o munic\u00edpio e desejam obter o desconto de 10% para pagamento \u00e0 vista do IPTU\/2023 [&hellip;]<\/p>\n","protected":false},"author":246,"featured_media":209847,"comment_status":"closed","ping_status":"closed","sticky":false,"template":"","format":"standard","meta":{"footnotes":""},"categories":[253,436,439],"tags":[],"class_list":["post-209846","post","type-post","status-publish","format-standard","has-post-thumbnail","hentry","category-cidade","category-destaque-da-semana","category-ultima-hora"],"_links":{"self":[{"href":"https:\/\/diarioregionaldigital.com.br\/index.php?rest_route=\/wp\/v2\/posts\/209846","targetHints":{"allow":["GET"]}}],"collection":[{"href":"https:\/\/diarioregionaldigital.com.br\/index.php?rest_route=\/wp\/v2\/posts"}],"about":[{"href":"https:\/\/diarioregionaldigital.com.br\/index.php?rest_route=\/wp\/v2\/types\/post"}],"author":[{"embeddable":true,"href":"https:\/\/diarioregionaldigital.com.br\/index.php?rest_route=\/wp\/v2\/users\/246"}],"replies":[{"embeddable":true,"href":"https:\/\/diarioregionaldigital.com.br\/index.php?rest_route=%2Fwp%2Fv2%2Fcomments&post=209846"}],"version-history":[{"count":1,"href":"https:\/\/diarioregionaldigital.com.br\/index.php?rest_route=\/wp\/v2\/posts\/209846\/revisions"}],"predecessor-version":[{"id":209848,"href":"https:\/\/diarioregionaldigital.com.br\/index.php?rest_route=\/wp\/v2\/posts\/209846\/revisions\/209848"}],"wp:featuredmedia":[{"embeddable":true,"href":"https:\/\/diarioregionaldigital.com.br\/index.php?rest_route=\/wp\/v2\/media\/209847"}],"wp:attachment":[{"href":"https:\/\/diarioregionaldigital.com.br\/index.php?rest_route=%2Fwp%2Fv2%2Fmedia&parent=209846"}],"wp:term":[{"taxonomy":"category","embeddable":true,"href":"https:\/\/diarioregionaldigital.com.br\/index.php?rest_route=%2Fwp%2Fv2%2Fcategories&post=209846"},{"taxonomy":"post_tag","embeddable":true,"href":"https:\/\/diarioregionaldigital.com.br\/index.php?rest_route=%2Fwp%2Fv2%2Ftags&post=209846"}],"curies":[{"name":"wp","href":"https:\/\/api.w.org\/{rel}","templated":true}]}}