{"id":209694,"date":"2023-01-30T21:24:09","date_gmt":"2023-01-31T00:24:09","guid":{"rendered":"https:\/\/diarioregionaldigital.com.br\/?p=209694"},"modified":"2023-01-30T21:24:09","modified_gmt":"2023-01-31T00:24:09","slug":"dolar-e-bolsa-fecham-estaveis-a-espera-de-juros-no-brasil-e-nos-eua","status":"publish","type":"post","link":"https:\/\/diarioregionaldigital.com.br\/?p=209694","title":{"rendered":"D\u00f3lar e bolsa fecham est\u00e1veis \u00e0 espera de juros no Brasil e nos EUA"},"content":{"rendered":"<p>Em espera pelas decis\u00f5es sobre os juros no Brasil e nos Estados Unidos, o mercado financeiro teve um dia de estabilidade. Tanto o d\u00f3lar como a bolsa iniciaram a semana praticamente no mesmo n\u00edvel de sexta-feira (27).<img decoding=\"async\" src=\"https:\/\/agenciabrasil.ebc.com.br\/ebc.png?id=1507075&amp;o=node\" \/><img decoding=\"async\" src=\"https:\/\/agenciabrasil.ebc.com.br\/ebc.gif?id=1507075&amp;o=node\" \/><\/p>\n<p>O d\u00f3lar comercial encerrou esta segunda-feira (30) vendido a R$ 5,115, com alta de 0,06%. A cota\u00e7\u00e3o chegou a cair para R$ 5,08 por volta das 11h30 e a subir para R$ 5,13 por volta das 15h. No entanto, desacelerou nas horas finais de negocia\u00e7\u00e3o, at\u00e9 fechar pr\u00f3xima da estabilidade.<\/p>\n<p>Em 2023, o d\u00f3lar acumula queda de 3,13%. Em rela\u00e7\u00e3o a 4 de janeiro, quando chegou a R$ 5,42, a divisa cai 5,71%.<\/p>\n<p>O mercado de a\u00e7\u00f5es tamb\u00e9m teve um dia est\u00e1vel. O \u00edndice Ibovespa, da B3, fechou aos 112.273 pontos, com queda de 0,04%. O indicador aproximou-se dos 113 mil pontos no in\u00edcio da sess\u00e3o e caiu 0,43% por volta das 16h50, mas recuperou-se nos minutos finais de negocia\u00e7\u00e3o.<\/p>\n<p>Os investidores est\u00e3o em compasso de espera pelas decis\u00f5es do Federal Reserve (Fed, Banco Central norte-americano) e do Comit\u00ea de Pol\u00edtica Monet\u00e1ria (Copom) do Banco Central brasileiro nesta semana. Na ter\u00e7a (31) e na quarta-feira (1\u00ba), os dois Bancos Centrais decidir\u00e3o os juros b\u00e1sicos em cada pa\u00eds.<\/p>\n<p>No Brasil, segundo o boletim\u00a0<em>Focus<\/em>, pesquisa semanal com institui\u00e7\u00f5es financeiras divulgada pelo Banco Central, os analistas de mercado esperam a manuten\u00e7\u00e3o da taxa Selic (juros b\u00e1sicos da economia) em 13,75% ao ano. Nos Estados Unidos, aumentaram as apostas de que o Fed elevar\u00e1 os juros b\u00e1sicos em 0,25 ponto percentual, ap\u00f3s quatro altas seguidas de 0,5 ponto.<\/p>\n<p>A desacelera\u00e7\u00e3o do aperto monet\u00e1rio dos Estados Unidos favorece pa\u00edses emergentes e de juros altos, como o Brasil. Nesta segunda, o d\u00f3lar ficou est\u00e1vel em rela\u00e7\u00e3o ao real, mas subiu, em m\u00e9dia, 0,3% contra as principais moedas do planeta.<\/p>\n<p><span style=\"font-weight: 400;\">Fonte: Ag\u00eancia Brasil <\/span><\/p>\n","protected":false},"excerpt":{"rendered":"<p>Em espera pelas decis\u00f5es sobre os juros no Brasil e nos Estados Unidos, o mercado financeiro teve um dia de estabilidade. Tanto o d\u00f3lar como a bolsa iniciaram a semana praticamente no mesmo n\u00edvel de sexta-feira (27). O d\u00f3lar comercial encerrou esta segunda-feira (30) vendido a R$ 5,115, com alta de 0,06%. A cota\u00e7\u00e3o chegou [&hellip;]<\/p>\n","protected":false},"author":246,"featured_media":209695,"comment_status":"closed","ping_status":"closed","sticky":false,"template":"","format":"standard","meta":{"footnotes":""},"categories":[436,261,439],"tags":[],"class_list":["post-209694","post","type-post","status-publish","format-standard","has-post-thumbnail","hentry","category-destaque-da-semana","category-economia","category-ultima-hora"],"_links":{"self":[{"href":"https:\/\/diarioregionaldigital.com.br\/index.php?rest_route=\/wp\/v2\/posts\/209694","targetHints":{"allow":["GET"]}}],"collection":[{"href":"https:\/\/diarioregionaldigital.com.br\/index.php?rest_route=\/wp\/v2\/posts"}],"about":[{"href":"https:\/\/diarioregionaldigital.com.br\/index.php?rest_route=\/wp\/v2\/types\/post"}],"author":[{"embeddable":true,"href":"https:\/\/diarioregionaldigital.com.br\/index.php?rest_route=\/wp\/v2\/users\/246"}],"replies":[{"embeddable":true,"href":"https:\/\/diarioregionaldigital.com.br\/index.php?rest_route=%2Fwp%2Fv2%2Fcomments&post=209694"}],"version-history":[{"count":1,"href":"https:\/\/diarioregionaldigital.com.br\/index.php?rest_route=\/wp\/v2\/posts\/209694\/revisions"}],"predecessor-version":[{"id":209696,"href":"https:\/\/diarioregionaldigital.com.br\/index.php?rest_route=\/wp\/v2\/posts\/209694\/revisions\/209696"}],"wp:featuredmedia":[{"embeddable":true,"href":"https:\/\/diarioregionaldigital.com.br\/index.php?rest_route=\/wp\/v2\/media\/209695"}],"wp:attachment":[{"href":"https:\/\/diarioregionaldigital.com.br\/index.php?rest_route=%2Fwp%2Fv2%2Fmedia&parent=209694"}],"wp:term":[{"taxonomy":"category","embeddable":true,"href":"https:\/\/diarioregionaldigital.com.br\/index.php?rest_route=%2Fwp%2Fv2%2Fcategories&post=209694"},{"taxonomy":"post_tag","embeddable":true,"href":"https:\/\/diarioregionaldigital.com.br\/index.php?rest_route=%2Fwp%2Fv2%2Ftags&post=209694"}],"curies":[{"name":"wp","href":"https:\/\/api.w.org\/{rel}","templated":true}]}}