{"id":209691,"date":"2023-01-30T21:22:47","date_gmt":"2023-01-31T00:22:47","guid":{"rendered":"https:\/\/diarioregionaldigital.com.br\/?p=209691"},"modified":"2023-01-30T21:22:47","modified_gmt":"2023-01-31T00:22:47","slug":"freixo-busca-parcerias-para-incrementar-promocao-do-brasil-no-exterior","status":"publish","type":"post","link":"https:\/\/diarioregionaldigital.com.br\/?p=209691","title":{"rendered":"Freixo busca parcerias para incrementar promo\u00e7\u00e3o do Brasil no exterior"},"content":{"rendered":"<p>Em sua primeira reuni\u00e3o com representantes do setor, o presidente da Ag\u00eancia Brasileira de Promo\u00e7\u00e3o Internacional do Turismo (Embratur), Marcelo Freixo, disse hoje (30) que est\u00e1 buscando parcerias para recompor o or\u00e7amento do \u00f3rg\u00e3o para intensificar o turismo internacional no pa\u00eds.<img decoding=\"async\" src=\"https:\/\/agenciabrasil.ebc.com.br\/ebc.png?id=1507031&amp;o=node\" \/><img decoding=\"async\" src=\"https:\/\/agenciabrasil.ebc.com.br\/ebc.gif?id=1507031&amp;o=node\" \/><\/p>\n<p>\u201cO Brasil vai gerar desenvolvimento e emprego se tiver capacidade de promo\u00e7\u00e3o. O M\u00e9xico hoje investe US$ 240 milh\u00f5es em promo\u00e7\u00e3o e tem no turismo uma fonte muito importante da economia. O Peru, com toda a crise pol\u00edtica que atravessa, investe US$ 50 milh\u00f5es em promo\u00e7\u00e3o. E o Brasil n\u00e3o investe nem US$ 15 milh\u00f5es\u201d, disse Freixo, em reuni\u00e3o com o Conselho de Turismo da Associa\u00e7\u00e3o Comercial do Estado do Rio de Janeiro.<\/p>\n<p>Entre as propostas para aumentar o or\u00e7amento est\u00e1 a regulamenta\u00e7\u00e3o da\u00a0<a href=\"https:\/\/agenciabrasil.ebc.com.br\/politica\/noticia\/2022-09\/sancionado-projeto-que-autoriza-criar-loterias-da-saude-e-do-turismo\" target=\"_blank\" rel=\"noopener\">Loteria do Turismo<\/a>. O projeto de lei que autoriza o Poder Executivo a criar a loteria foi sancionado em setembro do ano passado.<\/p>\n<p>\u201cFalta regulamentar a nova loteria. J\u00e1 comecei a conversar sobre essa nova loteria com a equipe econ\u00f4mica e com a Casa Civil para que uma parte possa ir para a Embratur. Mas n\u00e3o \u00e9 a \u00fanica fonte de recursos. A gente tem um debate sobre um percentual com o Sistema S, parceria com a Apex (Ag\u00eancia de Promo\u00e7\u00e3o de Exporta\u00e7\u00f5es e Investimentos), com o Sebrae (Servi\u00e7o Brasileiro de Apoio \u00e0s Micro e Pequenas Empresas) e com a iniciativa privada\u201d, disse Freixo.<\/p>\n<p>Ele destacou a car\u00eancia na produ\u00e7\u00e3o de dados tur\u00edsticos para orientar a pol\u00edtica de promo\u00e7\u00e3o da imagem do pa\u00eds no exterior. \u201cA gente tem que ter qualidade de informa\u00e7\u00e3o. Estou pegando uma Embratur que a gente n\u00e3o sabe quantos turistas v\u00eam, de onde v\u00eam, o que buscam. Estamos montando uma equipe t\u00e9cnica trazendo uma professora da USP especializada em big data, em produ\u00e7\u00e3o de n\u00fameros, para que a gente qualifique a informa\u00e7\u00e3o e com isso traga mais gente para c\u00e1\u201d.<\/p>\n<p>Umas das preocupa\u00e7\u00f5es manifestadas por representantes do setor foi o<a href=\"https:\/\/agenciabrasil.ebc.com.br\/geral\/noticia\/2023-01\/governo-quer-permanencia-de-atual-concessionaria-no-galeao\" target=\"_blank\" rel=\"noopener\">\u00a0esvaziamento<\/a>\u00a0do Aeroporto Internacional RIOgale\u00e3o-Tom Jobim, na Ilha do Governador, zona norte do Rio. Freixo disse que a recupera\u00e7\u00e3o do Gale\u00e3o \u00e9 fundamental para recuperar o turismo internacional no Rio. \u201cO presidente Lula me disse uma frase que repito aqui: &#8216;recuperar o Rio de Janeiro \u00e9 recuperar o Brasil. O Rio de Janeiro \u00e9 a principal porta de entrada do Brasil.&#8217; Isso n\u00e3o se trata de bairrismo.\u201d<\/p>\n<p><span style=\"font-weight: 400;\">Fonte: Ag\u00eancia Brasil <\/span><\/p>\n","protected":false},"excerpt":{"rendered":"<p>Em sua primeira reuni\u00e3o com representantes do setor, o presidente da Ag\u00eancia Brasileira de Promo\u00e7\u00e3o Internacional do Turismo (Embratur), Marcelo Freixo, disse hoje (30) que est\u00e1 buscando parcerias para recompor o or\u00e7amento do \u00f3rg\u00e3o para intensificar o turismo internacional no pa\u00eds. \u201cO Brasil vai gerar desenvolvimento e emprego se tiver capacidade de promo\u00e7\u00e3o. O M\u00e9xico [&hellip;]<\/p>\n","protected":false},"author":246,"featured_media":209692,"comment_status":"closed","ping_status":"closed","sticky":false,"template":"","format":"standard","meta":{"footnotes":""},"categories":[436,261,439],"tags":[],"class_list":["post-209691","post","type-post","status-publish","format-standard","has-post-thumbnail","hentry","category-destaque-da-semana","category-economia","category-ultima-hora"],"_links":{"self":[{"href":"https:\/\/diarioregionaldigital.com.br\/index.php?rest_route=\/wp\/v2\/posts\/209691","targetHints":{"allow":["GET"]}}],"collection":[{"href":"https:\/\/diarioregionaldigital.com.br\/index.php?rest_route=\/wp\/v2\/posts"}],"about":[{"href":"https:\/\/diarioregionaldigital.com.br\/index.php?rest_route=\/wp\/v2\/types\/post"}],"author":[{"embeddable":true,"href":"https:\/\/diarioregionaldigital.com.br\/index.php?rest_route=\/wp\/v2\/users\/246"}],"replies":[{"embeddable":true,"href":"https:\/\/diarioregionaldigital.com.br\/index.php?rest_route=%2Fwp%2Fv2%2Fcomments&post=209691"}],"version-history":[{"count":1,"href":"https:\/\/diarioregionaldigital.com.br\/index.php?rest_route=\/wp\/v2\/posts\/209691\/revisions"}],"predecessor-version":[{"id":209693,"href":"https:\/\/diarioregionaldigital.com.br\/index.php?rest_route=\/wp\/v2\/posts\/209691\/revisions\/209693"}],"wp:featuredmedia":[{"embeddable":true,"href":"https:\/\/diarioregionaldigital.com.br\/index.php?rest_route=\/wp\/v2\/media\/209692"}],"wp:attachment":[{"href":"https:\/\/diarioregionaldigital.com.br\/index.php?rest_route=%2Fwp%2Fv2%2Fmedia&parent=209691"}],"wp:term":[{"taxonomy":"category","embeddable":true,"href":"https:\/\/diarioregionaldigital.com.br\/index.php?rest_route=%2Fwp%2Fv2%2Fcategories&post=209691"},{"taxonomy":"post_tag","embeddable":true,"href":"https:\/\/diarioregionaldigital.com.br\/index.php?rest_route=%2Fwp%2Fv2%2Ftags&post=209691"}],"curies":[{"name":"wp","href":"https:\/\/api.w.org\/{rel}","templated":true}]}}