{"id":209684,"date":"2023-01-29T06:00:04","date_gmt":"2023-01-29T09:00:04","guid":{"rendered":"https:\/\/diarioregionaldigital.com.br\/?p=209684"},"modified":"2023-01-28T00:01:56","modified_gmt":"2023-01-28T03:01:56","slug":"prefeitura-municipal-de-descoberto-extrato-cont-no005-29-01-2023","status":"publish","type":"post","link":"https:\/\/diarioregionaldigital.com.br\/?p=209684","title":{"rendered":"Prefeitura Municipal de Descoberto &#8211; Extrato Cont. n\u00ba005 &#8211; 29\/01\/2023"},"content":{"rendered":"<p style=\"text-align: center;\"><strong>EXTRATO DE CONTRATO<\/strong><\/p>\n<p style=\"text-align: center;\">Pref. Municipal de Descoberto x Mercearia S\u00e3o Sebasti\u00e3o Ltda &#8211; ME \u00a0&#8211; \u00a0Fundamento: Aquisi\u00e7\u00e3o de g\u00eaneros aliment\u00edcios da merenda escolar (A\u00e7ougue) \u00a0&#8211; Preg\u00e3o \u00a0n\u00ba 001\/2023 \u2013 Valor Global: 25.590,72 \u2013 Vig\u00eancia: 6 meses \u2013 Dot or\u00e7: 02.02004.12.306.0003.262-339030\/155 &#8211; Ass: 30\/01\/2023- Foro: S\u00e3o Jo\u00e3o Nepomuceno\/MG.<\/p>\n<p style=\"text-align: center;\"><strong>Eduardo Ant\u00f4nio de Amorim Batista<\/strong><\/p>\n<p style=\"text-align: center;\"><strong>Prefeito em exerc\u00edcio<\/strong><\/p>\n","protected":false},"excerpt":{"rendered":"<p>EXTRATO DE CONTRATO Pref. Municipal de Descoberto x Mercearia S\u00e3o Sebasti\u00e3o Ltda &#8211; ME \u00a0&#8211; \u00a0Fundamento: Aquisi\u00e7\u00e3o de g\u00eaneros aliment\u00edcios da merenda escolar (A\u00e7ougue) \u00a0&#8211; Preg\u00e3o \u00a0n\u00ba 001\/2023 \u2013 Valor Global: 25.590,72 \u2013 Vig\u00eancia: 6 meses \u2013 Dot or\u00e7: 02.02004.12.306.0003.262-339030\/155 &#8211; Ass: 30\/01\/2023- Foro: S\u00e3o Jo\u00e3o Nepomuceno\/MG. Eduardo Ant\u00f4nio de Amorim Batista Prefeito em exerc\u00edcio<\/p>\n","protected":false},"author":96,"featured_media":0,"comment_status":"closed","ping_status":"closed","sticky":false,"template":"","format":"standard","meta":{"footnotes":""},"categories":[307],"tags":[],"class_list":["post-209684","post","type-post","status-publish","format-standard","hentry","category-editais"],"_links":{"self":[{"href":"https:\/\/diarioregionaldigital.com.br\/index.php?rest_route=\/wp\/v2\/posts\/209684","targetHints":{"allow":["GET"]}}],"collection":[{"href":"https:\/\/diarioregionaldigital.com.br\/index.php?rest_route=\/wp\/v2\/posts"}],"about":[{"href":"https:\/\/diarioregionaldigital.com.br\/index.php?rest_route=\/wp\/v2\/types\/post"}],"author":[{"embeddable":true,"href":"https:\/\/diarioregionaldigital.com.br\/index.php?rest_route=\/wp\/v2\/users\/96"}],"replies":[{"embeddable":true,"href":"https:\/\/diarioregionaldigital.com.br\/index.php?rest_route=%2Fwp%2Fv2%2Fcomments&post=209684"}],"version-history":[{"count":1,"href":"https:\/\/diarioregionaldigital.com.br\/index.php?rest_route=\/wp\/v2\/posts\/209684\/revisions"}],"predecessor-version":[{"id":209685,"href":"https:\/\/diarioregionaldigital.com.br\/index.php?rest_route=\/wp\/v2\/posts\/209684\/revisions\/209685"}],"wp:attachment":[{"href":"https:\/\/diarioregionaldigital.com.br\/index.php?rest_route=%2Fwp%2Fv2%2Fmedia&parent=209684"}],"wp:term":[{"taxonomy":"category","embeddable":true,"href":"https:\/\/diarioregionaldigital.com.br\/index.php?rest_route=%2Fwp%2Fv2%2Fcategories&post=209684"},{"taxonomy":"post_tag","embeddable":true,"href":"https:\/\/diarioregionaldigital.com.br\/index.php?rest_route=%2Fwp%2Fv2%2Ftags&post=209684"}],"curies":[{"name":"wp","href":"https:\/\/api.w.org\/{rel}","templated":true}]}}