{"id":209682,"date":"2023-01-29T06:00:56","date_gmt":"2023-01-29T09:00:56","guid":{"rendered":"https:\/\/diarioregionaldigital.com.br\/?p=209682"},"modified":"2023-01-28T00:00:57","modified_gmt":"2023-01-28T03:00:57","slug":"prefeitura-municipal-de-descoberto-extrato-cont-no004-29-01-2023","status":"publish","type":"post","link":"https:\/\/diarioregionaldigital.com.br\/?p=209682","title":{"rendered":"Prefeitura Municipal de Descoberto &#8211; Extrato Cont. n\u00ba004 &#8211; 29\/01\/2023"},"content":{"rendered":"<p style=\"text-align: center;\"><strong>EXTRATO DE CONTRATO<\/strong><\/p>\n<p style=\"text-align: center;\">Pref. Municipal de Descoberto x Casa de Carne Eirelli ME \u00a0&#8211; \u00a0Fundamento: Aquisi\u00e7\u00e3o de g\u00eaneros aliment\u00edcios da merenda escolar (A\u00e7ougue) \u00a0&#8211; Preg\u00e3o \u00a0n\u00ba 001\/2023 \u2013 Valor Global: 31.231,68 \u2013 Vig\u00eancia: 6 meses \u2013 Dot or\u00e7: 02.02004.12.306.0003.262-339030\/155 &#8211; Ass: 30\/01\/2023- Foro: S\u00e3o Jo\u00e3o Nepomuceno\/MG.<\/p>\n<p style=\"text-align: center;\"><strong>Eduardo Ant\u00f4nio de Amorim Batista<\/strong><\/p>\n<p style=\"text-align: center;\"><strong>Prefeito em exerc\u00edcio<\/strong><\/p>\n","protected":false},"excerpt":{"rendered":"<p>EXTRATO DE CONTRATO Pref. Municipal de Descoberto x Casa de Carne Eirelli ME \u00a0&#8211; \u00a0Fundamento: Aquisi\u00e7\u00e3o de g\u00eaneros aliment\u00edcios da merenda escolar (A\u00e7ougue) \u00a0&#8211; Preg\u00e3o \u00a0n\u00ba 001\/2023 \u2013 Valor Global: 31.231,68 \u2013 Vig\u00eancia: 6 meses \u2013 Dot or\u00e7: 02.02004.12.306.0003.262-339030\/155 &#8211; Ass: 30\/01\/2023- Foro: S\u00e3o Jo\u00e3o Nepomuceno\/MG. Eduardo Ant\u00f4nio de Amorim Batista Prefeito em exerc\u00edcio<\/p>\n","protected":false},"author":96,"featured_media":0,"comment_status":"closed","ping_status":"closed","sticky":false,"template":"","format":"standard","meta":{"footnotes":""},"categories":[307],"tags":[],"class_list":["post-209682","post","type-post","status-publish","format-standard","hentry","category-editais"],"_links":{"self":[{"href":"https:\/\/diarioregionaldigital.com.br\/index.php?rest_route=\/wp\/v2\/posts\/209682","targetHints":{"allow":["GET"]}}],"collection":[{"href":"https:\/\/diarioregionaldigital.com.br\/index.php?rest_route=\/wp\/v2\/posts"}],"about":[{"href":"https:\/\/diarioregionaldigital.com.br\/index.php?rest_route=\/wp\/v2\/types\/post"}],"author":[{"embeddable":true,"href":"https:\/\/diarioregionaldigital.com.br\/index.php?rest_route=\/wp\/v2\/users\/96"}],"replies":[{"embeddable":true,"href":"https:\/\/diarioregionaldigital.com.br\/index.php?rest_route=%2Fwp%2Fv2%2Fcomments&post=209682"}],"version-history":[{"count":1,"href":"https:\/\/diarioregionaldigital.com.br\/index.php?rest_route=\/wp\/v2\/posts\/209682\/revisions"}],"predecessor-version":[{"id":209683,"href":"https:\/\/diarioregionaldigital.com.br\/index.php?rest_route=\/wp\/v2\/posts\/209682\/revisions\/209683"}],"wp:attachment":[{"href":"https:\/\/diarioregionaldigital.com.br\/index.php?rest_route=%2Fwp%2Fv2%2Fmedia&parent=209682"}],"wp:term":[{"taxonomy":"category","embeddable":true,"href":"https:\/\/diarioregionaldigital.com.br\/index.php?rest_route=%2Fwp%2Fv2%2Fcategories&post=209682"},{"taxonomy":"post_tag","embeddable":true,"href":"https:\/\/diarioregionaldigital.com.br\/index.php?rest_route=%2Fwp%2Fv2%2Ftags&post=209682"}],"curies":[{"name":"wp","href":"https:\/\/api.w.org\/{rel}","templated":true}]}}