{"id":209671,"date":"2023-01-27T18:11:13","date_gmt":"2023-01-27T21:11:13","guid":{"rendered":"https:\/\/diarioregionaldigital.com.br\/?p=209671"},"modified":"2023-01-27T18:11:13","modified_gmt":"2023-01-27T21:11:13","slug":"av-brasil-tera-trecho-em-uma-pista-para-montagem-da-passarela-do-samba","status":"publish","type":"post","link":"https:\/\/diarioregionaldigital.com.br\/?p=209671","title":{"rendered":"Av. Brasil ter\u00e1 trecho em uma pista para montagem da Passarela do Samba"},"content":{"rendered":"<p>Segundo informa\u00e7\u00f5es do site da Prefeitura de Juiz de Fora (PJF), a\u00a0 partir desta segunda-feira, 30, a Funda\u00e7\u00e3o Cultural Alfredo Ferreira Lage (Funalfa), da Prefeitura de Juiz de Fora, inicia a montagem da Passarela do Samba na Avenida Brasil entre a Rua Benjamin Constant e a Rua Marechal Setembrino (ponte do Ladeira), no sentido Centro &#8211; Manoel Hon\u00f3rio. Para a execu\u00e7\u00e3o do servi\u00e7o, o trecho vai ficar com somente uma pista liberada ao tr\u00e2nsito de ve\u00edculos nesta primeira fase. O local vai contar com sinaliza\u00e7\u00e3o para orientar os motoristas.<\/p>\n<p>Neste ano, a PJF optou pela retomada dos desfiles e tamb\u00e9m pelo retorno ao calend\u00e1rio oficial da folia. Em 2023, os desfiles competitivos das escolas de samba ser\u00e3o realizados nos dias 20 e 21 de fevereiro. A \u00faltima apresenta\u00e7\u00e3o das agremia\u00e7\u00f5es aconteceu em 2017, deixando uma lacuna nessa que \u00e9 uma das grandes tradi\u00e7\u00f5es da cidade.<\/p>\n","protected":false},"excerpt":{"rendered":"<p>Segundo informa\u00e7\u00f5es do site da Prefeitura de Juiz de Fora (PJF), a\u00a0 partir desta segunda-feira, 30, a Funda\u00e7\u00e3o Cultural Alfredo Ferreira Lage (Funalfa), da Prefeitura de Juiz de Fora, inicia a montagem da Passarela do Samba na Avenida Brasil entre a Rua Benjamin Constant e a Rua Marechal Setembrino (ponte do Ladeira), no sentido Centro [&hellip;]<\/p>\n","protected":false},"author":246,"featured_media":209672,"comment_status":"closed","ping_status":"closed","sticky":false,"template":"","format":"standard","meta":{"footnotes":""},"categories":[253,436,439],"tags":[],"class_list":["post-209671","post","type-post","status-publish","format-standard","has-post-thumbnail","hentry","category-cidade","category-destaque-da-semana","category-ultima-hora"],"_links":{"self":[{"href":"https:\/\/diarioregionaldigital.com.br\/index.php?rest_route=\/wp\/v2\/posts\/209671","targetHints":{"allow":["GET"]}}],"collection":[{"href":"https:\/\/diarioregionaldigital.com.br\/index.php?rest_route=\/wp\/v2\/posts"}],"about":[{"href":"https:\/\/diarioregionaldigital.com.br\/index.php?rest_route=\/wp\/v2\/types\/post"}],"author":[{"embeddable":true,"href":"https:\/\/diarioregionaldigital.com.br\/index.php?rest_route=\/wp\/v2\/users\/246"}],"replies":[{"embeddable":true,"href":"https:\/\/diarioregionaldigital.com.br\/index.php?rest_route=%2Fwp%2Fv2%2Fcomments&post=209671"}],"version-history":[{"count":1,"href":"https:\/\/diarioregionaldigital.com.br\/index.php?rest_route=\/wp\/v2\/posts\/209671\/revisions"}],"predecessor-version":[{"id":209673,"href":"https:\/\/diarioregionaldigital.com.br\/index.php?rest_route=\/wp\/v2\/posts\/209671\/revisions\/209673"}],"wp:featuredmedia":[{"embeddable":true,"href":"https:\/\/diarioregionaldigital.com.br\/index.php?rest_route=\/wp\/v2\/media\/209672"}],"wp:attachment":[{"href":"https:\/\/diarioregionaldigital.com.br\/index.php?rest_route=%2Fwp%2Fv2%2Fmedia&parent=209671"}],"wp:term":[{"taxonomy":"category","embeddable":true,"href":"https:\/\/diarioregionaldigital.com.br\/index.php?rest_route=%2Fwp%2Fv2%2Fcategories&post=209671"},{"taxonomy":"post_tag","embeddable":true,"href":"https:\/\/diarioregionaldigital.com.br\/index.php?rest_route=%2Fwp%2Fv2%2Ftags&post=209671"}],"curies":[{"name":"wp","href":"https:\/\/api.w.org\/{rel}","templated":true}]}}