{"id":209661,"date":"2023-01-27T18:01:14","date_gmt":"2023-01-27T21:01:14","guid":{"rendered":"https:\/\/diarioregionaldigital.com.br\/?p=209661"},"modified":"2023-01-27T18:01:14","modified_gmt":"2023-01-27T21:01:14","slug":"palmeiras-e-flamengo-disputam-primeiro-titulo-da-temporada-na-supercopa-betano-2023","status":"publish","type":"post","link":"https:\/\/diarioregionaldigital.com.br\/?p=209661","title":{"rendered":"Palmeiras e Flamengo disputam primeiro t\u00edtulo da temporada na Supercopa Betano 2023"},"content":{"rendered":"<p>Neste s\u00e1bado (28),\u00a0<strong>Palmeiras<\/strong>\u00a0e\u00a0<strong>Flamengo<\/strong>\u00a0entram em campo em busca do primeiro t\u00edtulo da temporada: a\u00a0<strong>Supercopa Betano 2023<\/strong>. De um lado, o atual campe\u00e3o do Brasileir\u00e3o, o Palmeiras, encara o atual campe\u00e3o da Copa do Brasil, o Flamengo, \u00e0s 16h30, no Est\u00e1dio Man\u00e9 Garrinha, em Bras\u00edlia (DF). A partida contar\u00e1 com transmiss\u00e3o ao vivo da Globo e do Sportv.<\/p>\n<p>Reedi\u00e7\u00e3o da final de 2021, Palmeiras e Flamengo voltam a se enfrentar na Supercopa, ap\u00f3s um jogo de muita emo\u00e7\u00e3o no primeiro encontro. Na oportunidade, ap\u00f3s o empate em 2 a 2 no tempo regulamentar, o rubro-negro carioca venceu nos p\u00eanaltis.<\/p>\n<p><strong>Verd\u00e3o em busca do primeiro t\u00edtulo<\/strong><\/p>\n<p>Atual campe\u00e3o do Brasileir\u00e3o Assa\u00ed 2022, o\u00a0<strong>Palmeiras<\/strong>\u00a0coleciona onze t\u00edtulos da competi\u00e7\u00e3o nacional. A conquista veio com\u00a0tr\u00eas rodadas de anteced\u00eancia do fim e coroou o trabalho do t\u00e9cnico Abel Ferreira. O portugu\u00eas perseguiu o torneio em seus primeiros dois anos de clube e, na terceira disputa, teve o prazer de ser campe\u00e3o brasileiro.<\/p>\n<p>Na v\u00e9spera da partida, o meia Dudu exaltou a for\u00e7a da equipe na temporada de 2022 e refor\u00e7ou o foco na busca do primeiro t\u00edtulo da Supercopa do Brasil.<\/p>\n<p class=\"p1\">&#8220;Fizemos um grande campeonato, foi dif\u00edcil desde a primeira rodada e focamos muito pra conquistar esse t\u00edtulo. A equipe est\u00e1 de parab\u00e9ns pelo t\u00edtulo de 2022. Mas agora, \u00e9 outro ano, outra competi\u00e7\u00e3o, uma Supercopa que o Palmeiras ainda n\u00e3o tem e estamos muito focados, concentrados, trabalhando bem para que a gente consiga sair campe\u00e3o&#8221;, destacou Dudu.<\/p>\n<p class=\"p1\"><img decoding=\"async\" title=\"Palmeiras recebe trof\u00e9u de campe\u00e3o do Brasileir\u00e3o Assa\u00ed 2022 \" src=\"https:\/\/conteudo.cbf.com.br\/cdn\/thumbs\/910x0\/202211\/20221110010925_213.jpeg\" alt=\"Palmeiras recebe trof\u00e9u de campe\u00e3o do Brasileir\u00e3o Assa\u00ed 2022 \" \/>Palmeiras recebe trof\u00e9u de campe\u00e3o do Brasileir\u00e3o Assa\u00ed 2022<br \/>\n<i><strong>Cr\u00e9ditos:\u00a0<\/strong>Lucas Figueiredo\/CBF<\/i><\/p>\n<p class=\"p1\"><strong>Rubro-negro presente em todas as finais<\/strong><\/p>\n<p class=\"p1\">Em 2022, o Flamengo foi tetracampe\u00e3o da\u00a0Copa Intelbras do Brasil. A vit\u00f3ria sobre o Corinthians veio nas disputas de p\u00eanaltis ap\u00f3s o empate em 1 a 1 no tempo normal. Com o t\u00edtulo, o rubro-negro marcou presen\u00e7a em mais uma Supercopa.<\/p>\n<p class=\"p1\">Presente nas quatro edi\u00e7\u00f5es desde o retorno da competi\u00e7\u00e3o em 2020, o Flamengo \u00e9 o maior campe\u00e3o da Supercopa do Brasil. No total, det\u00e9m dois t\u00edtulos. Na primeira edi\u00e7\u00e3o, o time da G\u00e1vea venceu o Athletico-PR por 3 a 0. Em 2021, a conquista veio ap\u00f3s a vit\u00f3ria no p\u00eanaltis sobre o Palmeiras. No \u00faltimo ano, em 2022, foi vice-campe\u00e3o ap\u00f3s perder nos p\u00eanaltis para o Atl\u00e9tico-MG.<\/p>\n<p class=\"p1\">Camisa 7 do Flamengo, Everton Ribeiro projetou a final e destacou o empenho da equipe para sair com mais um t\u00edtulo da Supercopa do Brasil.<\/p>\n<p class=\"p1\">&#8220;Ano passado na Copa do Brasil foi um caminho muito dif\u00edcil e conseguimos trazer esse t\u00edtulo que faltava. Foi muito marcante para todos n\u00f3s, mas agora, a gente espera fazer uma grande partida na final para levarmos esse primeiro t\u00edtulo da temporada&#8221;, finalizou Everton.<\/p>\n<p class=\"p1\"><img decoding=\"async\" title=\"Flamengo \u00e9 tetracampe\u00e3o da Copa do Brasil\" src=\"https:\/\/conteudo.cbf.com.br\/cdn\/thumbs\/910x0\/202210\/20221020011315_925.jpeg\" alt=\"Flamengo \u00e9 tetracampe\u00e3o da Copa do Brasil\" \/>Flamengo \u00e9 tetracampe\u00e3o da Copa do Brasil<br \/>\n<i><strong>Cr\u00e9ditos:\u00a0<\/strong>Marcelo Cortes\/Flamengo<\/i><\/p>\n<p class=\"p1\"><strong>Equipe de arbitragem:<\/strong><\/p>\n<p class=\"p1\">Arbitragem: Wilson Pereira Sampaio (FIFA-GO), Bruno Boschilia (FIFA-PR), Bruno Raphael Pires (FIFA-GO), S\u00e1vio Pereira Sampaio (FIFA-DF) e Leila Naiara Moreira (FIFA-DF)<\/p>\n<p>\u00c1rbitro de v\u00eddeo: Rodrigo Alonso Ferreira (VAR), Helton Nunes (AVAR), Rafael Traci (AVAR2)<\/p>\n<p><span style=\"font-weight: 400;\">Fonte: Ag\u00eancia Brasil <\/span><\/p>\n","protected":false},"excerpt":{"rendered":"<p>Neste s\u00e1bado (28),\u00a0Palmeiras\u00a0e\u00a0Flamengo\u00a0entram em campo em busca do primeiro t\u00edtulo da temporada: a\u00a0Supercopa Betano 2023. De um lado, o atual campe\u00e3o do Brasileir\u00e3o, o Palmeiras, encara o atual campe\u00e3o da Copa do Brasil, o Flamengo, \u00e0s 16h30, no Est\u00e1dio Man\u00e9 Garrinha, em Bras\u00edlia (DF). A partida contar\u00e1 com transmiss\u00e3o ao vivo da Globo e do [&hellip;]<\/p>\n","protected":false},"author":246,"featured_media":209662,"comment_status":"closed","ping_status":"closed","sticky":false,"template":"","format":"standard","meta":{"footnotes":""},"categories":[436,257,439],"tags":[],"class_list":["post-209661","post","type-post","status-publish","format-standard","has-post-thumbnail","hentry","category-destaque-da-semana","category-esporte","category-ultima-hora"],"_links":{"self":[{"href":"https:\/\/diarioregionaldigital.com.br\/index.php?rest_route=\/wp\/v2\/posts\/209661","targetHints":{"allow":["GET"]}}],"collection":[{"href":"https:\/\/diarioregionaldigital.com.br\/index.php?rest_route=\/wp\/v2\/posts"}],"about":[{"href":"https:\/\/diarioregionaldigital.com.br\/index.php?rest_route=\/wp\/v2\/types\/post"}],"author":[{"embeddable":true,"href":"https:\/\/diarioregionaldigital.com.br\/index.php?rest_route=\/wp\/v2\/users\/246"}],"replies":[{"embeddable":true,"href":"https:\/\/diarioregionaldigital.com.br\/index.php?rest_route=%2Fwp%2Fv2%2Fcomments&post=209661"}],"version-history":[{"count":1,"href":"https:\/\/diarioregionaldigital.com.br\/index.php?rest_route=\/wp\/v2\/posts\/209661\/revisions"}],"predecessor-version":[{"id":209663,"href":"https:\/\/diarioregionaldigital.com.br\/index.php?rest_route=\/wp\/v2\/posts\/209661\/revisions\/209663"}],"wp:featuredmedia":[{"embeddable":true,"href":"https:\/\/diarioregionaldigital.com.br\/index.php?rest_route=\/wp\/v2\/media\/209662"}],"wp:attachment":[{"href":"https:\/\/diarioregionaldigital.com.br\/index.php?rest_route=%2Fwp%2Fv2%2Fmedia&parent=209661"}],"wp:term":[{"taxonomy":"category","embeddable":true,"href":"https:\/\/diarioregionaldigital.com.br\/index.php?rest_route=%2Fwp%2Fv2%2Fcategories&post=209661"},{"taxonomy":"post_tag","embeddable":true,"href":"https:\/\/diarioregionaldigital.com.br\/index.php?rest_route=%2Fwp%2Fv2%2Ftags&post=209661"}],"curies":[{"name":"wp","href":"https:\/\/api.w.org\/{rel}","templated":true}]}}