{"id":209652,"date":"2023-01-27T17:56:04","date_gmt":"2023-01-27T20:56:04","guid":{"rendered":"https:\/\/diarioregionaldigital.com.br\/?p=209652"},"modified":"2023-01-27T17:56:04","modified_gmt":"2023-01-27T20:56:04","slug":"apib-pede-a-pgr-investigacao-sobre-omissao-na-situacao-dos-yanomami","status":"publish","type":"post","link":"https:\/\/diarioregionaldigital.com.br\/?p=209652","title":{"rendered":"Apib pede \u00e0 PGR investiga\u00e7\u00e3o sobre omiss\u00e3o na situa\u00e7\u00e3o dos yanomami"},"content":{"rendered":"<p>A Articula\u00e7\u00e3o dos Povos Ind\u00edgenas do Brasil (Apib) enviou hoje (26) \u00e0 Procuradoria-Geral da Rep\u00fablica (PGR) representa\u00e7\u00e3o pedindo a abertura de inqu\u00e9rito para investigar omiss\u00f5es do governo Jair Bolsonaro envolvendo o povo yanomami.<img decoding=\"async\" src=\"https:\/\/agenciabrasil.ebc.com.br\/ebc.png?id=1506336&amp;o=node\" \/><img decoding=\"async\" src=\"https:\/\/agenciabrasil.ebc.com.br\/ebc.gif?id=1506336&amp;o=node\" \/><\/p>\n<p>Na representa\u00e7\u00e3o criminal, a entidade afirma que, durante o governo anterior, houve falta de assist\u00eancia de sa\u00fade, fragiliza\u00e7\u00e3o dos marcos legais de prote\u00e7\u00e3o e a coniv\u00eancia com garimpo ilegal dentro da Terra Ind\u00edgena Yanomami, em Roraima.<\/p>\n<p>\u201cPodemos mencionar que o ex-presidente Jair Bolsonaro omitiu para as entidades internacionais a atual condi\u00e7\u00e3o dos povos yanomamis, dando, assim, garantias de que as comunidades estavam sendo atendidas e que os programas espec\u00edficos sobre a sa\u00fade estavam sendo implementados. Relato este que contradiz as imagens que circulam pela internet, nas quais o abandono das pol\u00edticas p\u00fablicas \u00e9 o reflexo nos corpos dos ind\u00edgenas yanomami\u201d, diz a entidade.<\/p>\n<p>O documento cita o ex-presidente Jair Bolsonaro, a ex-ministra dos Direitos Humanos Damares Alves, al\u00e9m de ex-diretores da Funai e da Secretaria\u00a0de Sa\u00fade Ind\u00edgena.\u00a0Para a Apib, todos devem responder pelos crimes de genoc\u00eddio e improbidade administrativa.<\/p>\n<p>\u201cTem-se que as condutas, a\u00e7\u00f5es e omiss\u00f5es dos r\u00e9us tinham objetivo l\u00facido de eliminar, dizimar, reduzir as comunidades ind\u00edgenas, em especial a popula\u00e7\u00e3o Yanomami\u201d, argumenta a Apib.<\/p>\n<p>Mais cedo, o Supremo Tribunal Federal (STF) informou que foram detectados ind\u00edcios de descumprimento de determina\u00e7\u00f5es da Corte e do envio de\u00a0<a href=\"http:\/\/https\/\/agenciabrasil.ebc.com.br\/justica\/noticia\/2023-01\/stf-investiga-envio-de-informacoes-falsas-sobre-situacao-dos-yanomami\" target=\"_blank\" rel=\"noopener\">informa\u00e7\u00f5es falsas<\/a>\u00a0envolvendo a situa\u00e7\u00e3o da popula\u00e7\u00e3o ind\u00edgena yanomami pelo governo de Bolsonaro.<\/p>\n<p>A crise que afeta as comunidades da Terra Ind\u00edgena Yanomami levou o governo federal a decretar Emerg\u00eancia em Sa\u00fade P\u00fablica de Import\u00e2ncia Nacional para combate \u00e0 desassist\u00eancia sanit\u00e1ria dos povos que vivem na regi\u00e3o.\u00a0A portaria foi publicada na noite da \u00faltima sexta-feira (20) em edi\u00e7\u00e3o extra do\u00a0<em>Di\u00e1rio Oficial da Uni\u00e3o<\/em>. No s\u00e1bado (21), o presidente Luiz In\u00e1cio Lula da Silva e ministros de Estado visitaram Roraima para acompanhar a situa\u00e7\u00e3o dos ind\u00edgenas.<\/p>\n<h2>Defesa<\/h2>\n<p>Por meio das redes sociais, Damares Alves, senadora eleita pelo Distrito Federal, negou qualquer omiss\u00e3o durante o governo anterior. Damares afirmou que a pol\u00edtica indigenista era executada pelas pastas da Educa\u00e7\u00e3o, Sa\u00fade e Justi\u00e7a e que ao Minist\u00e9rio dos Direitos Humanos, que foi comandado por ela, cabia receber den\u00fancias de viola\u00e7\u00f5es dos diretos dos ind\u00edgenas e encaminh\u00e1-las \u00e0s autoridades. respons\u00e1veis.<\/p>\n<p>Segundo Damares, seu minist\u00e9rio acompanhou a situa\u00e7\u00e3o dos ind\u00edgenas\u00a0<em>in loco<\/em>\u00a0e distribuiu cestas b\u00e1sicas no auge da pandemia.<\/p>\n<p><span style=\"font-weight: 400;\">Fonte: Ag\u00eancia Brasil <\/span><\/p>\n","protected":false},"excerpt":{"rendered":"<p>A Articula\u00e7\u00e3o dos Povos Ind\u00edgenas do Brasil (Apib) enviou hoje (26) \u00e0 Procuradoria-Geral da Rep\u00fablica (PGR) representa\u00e7\u00e3o pedindo a abertura de inqu\u00e9rito para investigar omiss\u00f5es do governo Jair Bolsonaro envolvendo o povo yanomami. Na representa\u00e7\u00e3o criminal, a entidade afirma que, durante o governo anterior, houve falta de assist\u00eancia de sa\u00fade, fragiliza\u00e7\u00e3o dos marcos legais de [&hellip;]<\/p>\n","protected":false},"author":246,"featured_media":209653,"comment_status":"closed","ping_status":"closed","sticky":false,"template":"","format":"standard","meta":{"footnotes":""},"categories":[436,254,439],"tags":[],"class_list":["post-209652","post","type-post","status-publish","format-standard","has-post-thumbnail","hentry","category-destaque-da-semana","category-politica","category-ultima-hora"],"_links":{"self":[{"href":"https:\/\/diarioregionaldigital.com.br\/index.php?rest_route=\/wp\/v2\/posts\/209652","targetHints":{"allow":["GET"]}}],"collection":[{"href":"https:\/\/diarioregionaldigital.com.br\/index.php?rest_route=\/wp\/v2\/posts"}],"about":[{"href":"https:\/\/diarioregionaldigital.com.br\/index.php?rest_route=\/wp\/v2\/types\/post"}],"author":[{"embeddable":true,"href":"https:\/\/diarioregionaldigital.com.br\/index.php?rest_route=\/wp\/v2\/users\/246"}],"replies":[{"embeddable":true,"href":"https:\/\/diarioregionaldigital.com.br\/index.php?rest_route=%2Fwp%2Fv2%2Fcomments&post=209652"}],"version-history":[{"count":1,"href":"https:\/\/diarioregionaldigital.com.br\/index.php?rest_route=\/wp\/v2\/posts\/209652\/revisions"}],"predecessor-version":[{"id":209654,"href":"https:\/\/diarioregionaldigital.com.br\/index.php?rest_route=\/wp\/v2\/posts\/209652\/revisions\/209654"}],"wp:featuredmedia":[{"embeddable":true,"href":"https:\/\/diarioregionaldigital.com.br\/index.php?rest_route=\/wp\/v2\/media\/209653"}],"wp:attachment":[{"href":"https:\/\/diarioregionaldigital.com.br\/index.php?rest_route=%2Fwp%2Fv2%2Fmedia&parent=209652"}],"wp:term":[{"taxonomy":"category","embeddable":true,"href":"https:\/\/diarioregionaldigital.com.br\/index.php?rest_route=%2Fwp%2Fv2%2Fcategories&post=209652"},{"taxonomy":"post_tag","embeddable":true,"href":"https:\/\/diarioregionaldigital.com.br\/index.php?rest_route=%2Fwp%2Fv2%2Ftags&post=209652"}],"curies":[{"name":"wp","href":"https:\/\/api.w.org\/{rel}","templated":true}]}}