{"id":209649,"date":"2023-01-27T17:46:41","date_gmt":"2023-01-27T20:46:41","guid":{"rendered":"https:\/\/diarioregionaldigital.com.br\/?p=209649"},"modified":"2023-01-27T17:46:41","modified_gmt":"2023-01-27T20:46:41","slug":"governadores-vao-cobrar-de-lula-a-compensacao-por-perdas-com-icms","status":"publish","type":"post","link":"https:\/\/diarioregionaldigital.com.br\/?p=209649","title":{"rendered":"Governadores v\u00e3o cobrar de Lula a compensa\u00e7\u00e3o por perdas com ICMS"},"content":{"rendered":"<p>Os governadores dos 26 estados e do Distrito Federal ter\u00e3o uma nova reuni\u00e3o com o presidente Luiz In\u00e1cio Lula da Silva nesta sexta-feira (27), no Pal\u00e1cio do Planalto. No in\u00edcio do m\u00eas, eles vieram em peso a Bras\u00edlia, mas para prestar\u00a0<a href=\"https:\/\/agenciabrasil.ebc.com.br\/politica\/noticia\/2023-01\/em-reuniao-com-lula-governadores-condenam-atos-antidemocraticos\" target=\"_blank\" rel=\"noopener\">solidariedade e condenar\u00a0<\/a>os atos golpistas que destru\u00edram os pr\u00e9dios dos Tr\u00eas Poderes. Agora, o encontro \u00e9 de trabalho e havia sido solicitado pelo pr\u00f3prio presidente da Rep\u00fablica, como forma de relan\u00e7ar o pacto federativo no novo mandato.\u00a0<img decoding=\"async\" src=\"https:\/\/agenciabrasil.ebc.com.br\/ebc.png?id=1506381&amp;o=node\" \/><img decoding=\"async\" src=\"https:\/\/agenciabrasil.ebc.com.br\/ebc.gif?id=1506381&amp;o=node\" \/><\/p>\n<p>Na tarde desta quinta-feira (26), em evento preparat\u00f3rio, o F\u00f3rum de Governadores se reuniu em um hotel da capital federal para definir as demandas que levar\u00e3o ao governo federal. O principal assunto deve ser a perda de arrecada\u00e7\u00e3o com a redu\u00e7\u00e3o das al\u00edquotas do Imposto sobre Circula\u00e7\u00e3o de Mercadorias e Servi\u00e7os (ICMS), um tributo estadual, sobre combust\u00edveis e outros servi\u00e7os essenciais.<\/p>\n<p>&#8220;Estamos destacando um tema urgente, que diz respeito \u00e0 recomposi\u00e7\u00e3o da receita dos estados, em decorr\u00eancia da perda brutal, originada da mudan\u00e7a na legisla\u00e7\u00e3o, consignada na Lei Complementar 192 e na Lei Complementar 194. Legisla\u00e7\u00f5es essas que foram aprovada no ano passado, sem nenhum debate com os estados\u00a0e que ocasionou e vem ocasionando uma queda brutal na receita dos nossos estados&#8221;, disse a governadora do Rio Grande do Norte, F\u00e1tima Bezerra, ao final da reuni\u00e3o.<\/p>\n<p>A Lei Complementar 194 determina a aplica\u00e7\u00e3o de al\u00edquotas de ICMS pelo piso (17% ou 18%) para produtos e servi\u00e7os essenciais quando incidir sobre bens e servi\u00e7os relacionados a combust\u00edveis, g\u00e1s natural, energia el\u00e9trica, comunica\u00e7\u00f5es e transporte coletivo. J\u00e1 a Lei Complementar 192 unificiou a forma de apura\u00e7\u00e3o do ICMS, espcificamente sobre combust\u00edveis, que passou a ser por unidade de medida, em vez de um percentual sobre o pre\u00e7o m\u00e9dio do produto vendido nos postos.<\/p>\n<p>Segundo o governador do Esp\u00edrito Santo, Renato Casagrande, somente em 2022, ap\u00f3s a entrada em vigor das legisla\u00e7\u00f5es, as perdas de arrecada\u00e7\u00e3o nos cofres dos estados ultrapassaram R$ 33 bilh\u00f5es. Ele afirmou que o F\u00f3rum de Governadores vai pedir que o governo federal regulamente um dispositivo da Lei Complementar 194 que estabelece compensa\u00e7\u00e3o, por parte da Uni\u00e3o, quando a perda de receita de um estado exceda 5% em rela\u00e7\u00e3o \u00e0 arrecada\u00e7\u00e3o de 2021.<\/p>\n<p>&#8220;O caminho \u00e9 regulamentar a lei, que diz que se passar de 5% de perda de receita, a Uni\u00e3o tem que compensar os estados. N\u00e3o teve a recomposi\u00e7\u00e3o de receita no ano passado, e \u00e9 preciso que haja recomposi\u00e7\u00e3o&#8221;, observou.<\/p>\n<p>A pedido do pr\u00f3prio presidente da Rep\u00fablica, os governadores tamb\u00e9m dever\u00e3o apresentar, na reuni\u00e3o desta sexta-feira, uma lista de obras e a\u00e7\u00f5es priorit\u00e1rias em cada estado e regi\u00e3o. Os cons\u00f3rcios interestaduais tamb\u00e9m apresentar\u00e3o suas demandas.<\/p>\n<p><span style=\"font-weight: 400;\">Fonte: Ag\u00eancia Brasil <\/span><\/p>\n","protected":false},"excerpt":{"rendered":"<p>Os governadores dos 26 estados e do Distrito Federal ter\u00e3o uma nova reuni\u00e3o com o presidente Luiz In\u00e1cio Lula da Silva nesta sexta-feira (27), no Pal\u00e1cio do Planalto. No in\u00edcio do m\u00eas, eles vieram em peso a Bras\u00edlia, mas para prestar\u00a0solidariedade e condenar\u00a0os atos golpistas que destru\u00edram os pr\u00e9dios dos Tr\u00eas Poderes. Agora, o encontro [&hellip;]<\/p>\n","protected":false},"author":246,"featured_media":209650,"comment_status":"closed","ping_status":"closed","sticky":false,"template":"","format":"standard","meta":{"footnotes":""},"categories":[436,254,439],"tags":[],"class_list":["post-209649","post","type-post","status-publish","format-standard","has-post-thumbnail","hentry","category-destaque-da-semana","category-politica","category-ultima-hora"],"_links":{"self":[{"href":"https:\/\/diarioregionaldigital.com.br\/index.php?rest_route=\/wp\/v2\/posts\/209649","targetHints":{"allow":["GET"]}}],"collection":[{"href":"https:\/\/diarioregionaldigital.com.br\/index.php?rest_route=\/wp\/v2\/posts"}],"about":[{"href":"https:\/\/diarioregionaldigital.com.br\/index.php?rest_route=\/wp\/v2\/types\/post"}],"author":[{"embeddable":true,"href":"https:\/\/diarioregionaldigital.com.br\/index.php?rest_route=\/wp\/v2\/users\/246"}],"replies":[{"embeddable":true,"href":"https:\/\/diarioregionaldigital.com.br\/index.php?rest_route=%2Fwp%2Fv2%2Fcomments&post=209649"}],"version-history":[{"count":1,"href":"https:\/\/diarioregionaldigital.com.br\/index.php?rest_route=\/wp\/v2\/posts\/209649\/revisions"}],"predecessor-version":[{"id":209651,"href":"https:\/\/diarioregionaldigital.com.br\/index.php?rest_route=\/wp\/v2\/posts\/209649\/revisions\/209651"}],"wp:featuredmedia":[{"embeddable":true,"href":"https:\/\/diarioregionaldigital.com.br\/index.php?rest_route=\/wp\/v2\/media\/209650"}],"wp:attachment":[{"href":"https:\/\/diarioregionaldigital.com.br\/index.php?rest_route=%2Fwp%2Fv2%2Fmedia&parent=209649"}],"wp:term":[{"taxonomy":"category","embeddable":true,"href":"https:\/\/diarioregionaldigital.com.br\/index.php?rest_route=%2Fwp%2Fv2%2Fcategories&post=209649"},{"taxonomy":"post_tag","embeddable":true,"href":"https:\/\/diarioregionaldigital.com.br\/index.php?rest_route=%2Fwp%2Fv2%2Ftags&post=209649"}],"curies":[{"name":"wp","href":"https:\/\/api.w.org\/{rel}","templated":true}]}}