{"id":209646,"date":"2023-01-27T17:44:22","date_gmt":"2023-01-27T20:44:22","guid":{"rendered":"https:\/\/diarioregionaldigital.com.br\/?p=209646"},"modified":"2023-01-27T17:44:22","modified_gmt":"2023-01-27T20:44:22","slug":"mpf-reitera-pedido-de-retirada-de-invasores-de-terras-indigenas","status":"publish","type":"post","link":"https:\/\/diarioregionaldigital.com.br\/?p=209646","title":{"rendered":"MPF reitera pedido de retirada de invasores de terras ind\u00edgenas"},"content":{"rendered":"<p>O Minist\u00e9rio P\u00fablico Federal (MPF) reiterou\u00a0hoje\u00a0(26) ao Supremo Tribunal Federal (STF) pedido para desintrus\u00e3o de sete terras ind\u00edgenas, entre elas, a Terra Ind\u00edgena Yanomami, em Roraima.\u00a0<img decoding=\"async\" src=\"https:\/\/agenciabrasil.ebc.com.br\/ebc.png?id=1506370&amp;o=node\" \/><img decoding=\"async\" src=\"https:\/\/agenciabrasil.ebc.com.br\/ebc.gif?id=1506370&amp;o=node\" \/><\/p>\n<p>O pedido de reitera\u00e7\u00e3o foi protocolado na a\u00e7\u00e3o na qual o ministro Lu\u00eds Roberto Barroso determinou em 2021 a retirada de invasores dos territ\u00f3rios, como garimpeiros e madeireiros que atuam ilegalmente nas regi\u00f5es.<\/p>\n<p>No documento, a subprocuradora Eliana Peres Torelly\u00a0afirma que a divulga\u00e7\u00e3o de imagens da desnutri\u00e7\u00e3o dos yanomami\u00a0somam-se \u00e0 situa\u00e7\u00e3o de descumprimento de decis\u00f5es do STF que determinaram a retirada de invasores dos territ\u00f3rios Karipuna, Uru-Eu-Wau-Wau, Kayap\u00f3, Ararib\u00f3ia, Mundurucu, Trincheira Bacaj\u00e1 e Yanomami.<\/p>\n<p>De acordo com a subprocuradora, laudos mostram que a retirada dos invasores\u00a0n\u00e3o foi cumprida.<\/p>\n<p>\u201cOs documentos refor\u00e7am o n\u00e3o cumprimento integral das desintrus\u00e3o nas terras ind\u00edgenas\u201d, diz Torelly.<\/p>\n<p>Mais cedo, o Supremo informou que foram detectados ind\u00edcios de descumprimento de determina\u00e7\u00f5es da Corte e do envio de informa\u00e7\u00f5es falsas envolvendo a situa\u00e7\u00e3o da popula\u00e7\u00e3o ind\u00edgena yanomami no mesmo processo.<\/p>\n<p>A crise que afeta as comunidades da Terra Ind\u00edgena Yanomami levou o governo federal a decretar\u00a0<a href=\"https:\/\/agenciabrasil.ebc.com.br\/saude\/noticia\/2023-01\/ministerio-da-saude-declara-emergencia-em-saude-em-territorio-yanomami\" target=\"_blank\" rel=\"noopener\">Emerg\u00eancia em Sa\u00fade P\u00fablica de Import\u00e2ncia Nacional<\/a>\u00a0\u00a0para combate \u00e0 desassist\u00eancia sanit\u00e1ria dos povos que vivem na regi\u00e3o.\u00a0A portaria foi publicada na noite da \u00faltima\u00a0sexta-feira (20) em edi\u00e7\u00e3o extra do Di\u00e1rio Oficial da Uni\u00e3o. No\u00a0s\u00e1bado\u00a0(21), o\u00a0<a href=\"https:\/\/agenciabrasil.ebc.com.br\/saude\/noticia\/2023-01\/em-roraima-lula-visita-hospital-e-casa-de-apoio-saude-indigena\" target=\"_blank\" rel=\"noopener\">presidente Luiz In\u00e1cio Lula da Silva e ministros<\/a>\u00a0de Estado visitaram Roraima para acompanhar a situa\u00e7\u00e3o dos ind\u00edgenas.<\/p>\n<p><span style=\"font-weight: 400;\">Fonte: Ag\u00eancia Brasil <\/span><\/p>\n","protected":false},"excerpt":{"rendered":"<p>O Minist\u00e9rio P\u00fablico Federal (MPF) reiterou\u00a0hoje\u00a0(26) ao Supremo Tribunal Federal (STF) pedido para desintrus\u00e3o de sete terras ind\u00edgenas, entre elas, a Terra Ind\u00edgena Yanomami, em Roraima.\u00a0 O pedido de reitera\u00e7\u00e3o foi protocolado na a\u00e7\u00e3o na qual o ministro Lu\u00eds Roberto Barroso determinou em 2021 a retirada de invasores dos territ\u00f3rios, como garimpeiros e madeireiros que [&hellip;]<\/p>\n","protected":false},"author":246,"featured_media":209647,"comment_status":"closed","ping_status":"closed","sticky":false,"template":"","format":"standard","meta":{"footnotes":""},"categories":[436,254,439],"tags":[],"class_list":["post-209646","post","type-post","status-publish","format-standard","has-post-thumbnail","hentry","category-destaque-da-semana","category-politica","category-ultima-hora"],"_links":{"self":[{"href":"https:\/\/diarioregionaldigital.com.br\/index.php?rest_route=\/wp\/v2\/posts\/209646","targetHints":{"allow":["GET"]}}],"collection":[{"href":"https:\/\/diarioregionaldigital.com.br\/index.php?rest_route=\/wp\/v2\/posts"}],"about":[{"href":"https:\/\/diarioregionaldigital.com.br\/index.php?rest_route=\/wp\/v2\/types\/post"}],"author":[{"embeddable":true,"href":"https:\/\/diarioregionaldigital.com.br\/index.php?rest_route=\/wp\/v2\/users\/246"}],"replies":[{"embeddable":true,"href":"https:\/\/diarioregionaldigital.com.br\/index.php?rest_route=%2Fwp%2Fv2%2Fcomments&post=209646"}],"version-history":[{"count":1,"href":"https:\/\/diarioregionaldigital.com.br\/index.php?rest_route=\/wp\/v2\/posts\/209646\/revisions"}],"predecessor-version":[{"id":209648,"href":"https:\/\/diarioregionaldigital.com.br\/index.php?rest_route=\/wp\/v2\/posts\/209646\/revisions\/209648"}],"wp:featuredmedia":[{"embeddable":true,"href":"https:\/\/diarioregionaldigital.com.br\/index.php?rest_route=\/wp\/v2\/media\/209647"}],"wp:attachment":[{"href":"https:\/\/diarioregionaldigital.com.br\/index.php?rest_route=%2Fwp%2Fv2%2Fmedia&parent=209646"}],"wp:term":[{"taxonomy":"category","embeddable":true,"href":"https:\/\/diarioregionaldigital.com.br\/index.php?rest_route=%2Fwp%2Fv2%2Fcategories&post=209646"},{"taxonomy":"post_tag","embeddable":true,"href":"https:\/\/diarioregionaldigital.com.br\/index.php?rest_route=%2Fwp%2Fv2%2Ftags&post=209646"}],"curies":[{"name":"wp","href":"https:\/\/api.w.org\/{rel}","templated":true}]}}