{"id":209639,"date":"2023-01-27T17:33:23","date_gmt":"2023-01-27T20:33:23","guid":{"rendered":"https:\/\/diarioregionaldigital.com.br\/?p=209639"},"modified":"2023-01-27T17:33:39","modified_gmt":"2023-01-27T20:33:39","slug":"justica-revogada-nota-que-punia-servidor-por-criticar-governo-em-redes-sociais","status":"publish","type":"post","link":"https:\/\/diarioregionaldigital.com.br\/?p=209639","title":{"rendered":"Revogada nota que punia servidor por criticar governo em redes sociais"},"content":{"rendered":"<p>A Controladoria-Geral da Uni\u00e3o (CGU)\u00a0revogou nota t\u00e9cnica aprovada durante o governo de Jair Bolsonaro para punir funcion\u00e1rios p\u00fablicos que se manifestassem contra o governo nas redes sociais. A decis\u00e3o que revoga a nota foi assinada no dia 16 de janeiro.<img decoding=\"async\" src=\"https:\/\/agenciabrasil.ebc.com.br\/ebc.png?id=1506535&amp;o=node\" \/><img decoding=\"async\" src=\"https:\/\/agenciabrasil.ebc.com.br\/ebc.gif?id=1506535&amp;o=node\" \/><\/p>\n<p>A regra que foi revogada pretendia adequar o Estatuto do Servidor P\u00fabico (Lei n\u00ba 8.112\/1990) para definir o alcance dos deveres dos funcion\u00e1rios de serem leais \u00e0s institui\u00e7\u00f5es e efetivar a proibi\u00e7\u00e3o de manifesta\u00e7\u00f5es contr\u00e1rias \u00e0 reparti\u00e7\u00e3o.<\/p>\n<p>De acordo com a CGU, a revis\u00e3o do documento foi feita em raz\u00e3o de poss\u00edvel afronta ao direito constitucional de livre manifesta\u00e7\u00e3o do pensamento.<\/p>\n<p>\u201cA CGU preza pela defesa dos direitos fundamentais garantidos pela Constitui\u00e7\u00e3o Federal, bem como pela manuten\u00e7\u00e3o dos valores e do regime democr\u00e1tico. Nesse contexto, a decis\u00e3o pela revoga\u00e7\u00e3o da nota t\u00e9cnica foi motivada pelas controv\u00e9rsias em torno de poss\u00edveis interpreta\u00e7\u00f5es resultantes do documento que poderiam causar danos \u00e0 liberdade de express\u00e3o de agentes p\u00fablicos\u201d, declarou o \u00f3rg\u00e3o.<\/p>\n<p>Segundo a controladoria, n\u00e3o foram identificados processos em andamento contra servidores e puni\u00e7\u00f5es disciplinares com base na regra revogada.<\/p>\n<p><span style=\"font-weight: 400;\">Fonte: Ag\u00eancia Brasil <\/span><\/p>\n","protected":false},"excerpt":{"rendered":"<p>A Controladoria-Geral da Uni\u00e3o (CGU)\u00a0revogou nota t\u00e9cnica aprovada durante o governo de Jair Bolsonaro para punir funcion\u00e1rios p\u00fablicos que se manifestassem contra o governo nas redes sociais. A decis\u00e3o que revoga a nota foi assinada no dia 16 de janeiro. A regra que foi revogada pretendia adequar o Estatuto do Servidor P\u00fabico (Lei n\u00ba 8.112\/1990) [&hellip;]<\/p>\n","protected":false},"author":246,"featured_media":209640,"comment_status":"closed","ping_status":"closed","sticky":false,"template":"","format":"standard","meta":{"footnotes":""},"categories":[436,440,254,439],"tags":[],"class_list":["post-209639","post","type-post","status-publish","format-standard","has-post-thumbnail","hentry","category-destaque-da-semana","category-destaques-do-dia","category-politica","category-ultima-hora"],"_links":{"self":[{"href":"https:\/\/diarioregionaldigital.com.br\/index.php?rest_route=\/wp\/v2\/posts\/209639","targetHints":{"allow":["GET"]}}],"collection":[{"href":"https:\/\/diarioregionaldigital.com.br\/index.php?rest_route=\/wp\/v2\/posts"}],"about":[{"href":"https:\/\/diarioregionaldigital.com.br\/index.php?rest_route=\/wp\/v2\/types\/post"}],"author":[{"embeddable":true,"href":"https:\/\/diarioregionaldigital.com.br\/index.php?rest_route=\/wp\/v2\/users\/246"}],"replies":[{"embeddable":true,"href":"https:\/\/diarioregionaldigital.com.br\/index.php?rest_route=%2Fwp%2Fv2%2Fcomments&post=209639"}],"version-history":[{"count":2,"href":"https:\/\/diarioregionaldigital.com.br\/index.php?rest_route=\/wp\/v2\/posts\/209639\/revisions"}],"predecessor-version":[{"id":209642,"href":"https:\/\/diarioregionaldigital.com.br\/index.php?rest_route=\/wp\/v2\/posts\/209639\/revisions\/209642"}],"wp:featuredmedia":[{"embeddable":true,"href":"https:\/\/diarioregionaldigital.com.br\/index.php?rest_route=\/wp\/v2\/media\/209640"}],"wp:attachment":[{"href":"https:\/\/diarioregionaldigital.com.br\/index.php?rest_route=%2Fwp%2Fv2%2Fmedia&parent=209639"}],"wp:term":[{"taxonomy":"category","embeddable":true,"href":"https:\/\/diarioregionaldigital.com.br\/index.php?rest_route=%2Fwp%2Fv2%2Fcategories&post=209639"},{"taxonomy":"post_tag","embeddable":true,"href":"https:\/\/diarioregionaldigital.com.br\/index.php?rest_route=%2Fwp%2Fv2%2Ftags&post=209639"}],"curies":[{"name":"wp","href":"https:\/\/api.w.org\/{rel}","templated":true}]}}