{"id":209636,"date":"2023-01-27T17:28:27","date_gmt":"2023-01-27T20:28:27","guid":{"rendered":"https:\/\/diarioregionaldigital.com.br\/?p=209636"},"modified":"2023-01-27T17:28:27","modified_gmt":"2023-01-27T20:28:27","slug":"cerca-de-40-das-negociacoes-salariais-nao-cobriram-a-inflacao-em-2022","status":"publish","type":"post","link":"https:\/\/diarioregionaldigital.com.br\/?p=209636","title":{"rendered":"Cerca de 40% das negocia\u00e7\u00f5es salariais n\u00e3o cobriram a infla\u00e7\u00e3o em 2022"},"content":{"rendered":"<p>Os reajustes salariais que ficaram abaixo da infla\u00e7\u00e3o, medida pelo \u00cdndice Nacional de Pre\u00e7os ao Consumidor (INPC), diminu\u00edram entre 2021 e 2022, aponta balan\u00e7o anual do Salari\u00f4metro, pesquisa da Funda\u00e7\u00e3o Instituto de Pesquisas Econ\u00f4micas (Fipe). No ano passado, 40,6% dos reajustes n\u00e3o recompuseram as perdas salariais pela alta de pre\u00e7os. J\u00e1 em 2021, essa propor\u00e7\u00e3o era de 49,7%.<img decoding=\"async\" src=\"https:\/\/agenciabrasil.ebc.com.br\/ebc.png?id=1506498&amp;o=node\" \/><img decoding=\"async\" src=\"https:\/\/agenciabrasil.ebc.com.br\/ebc.gif?id=1506498&amp;o=node\" \/><\/p>\n<p>Foram feitas 32.319 negocia\u00e7\u00f5es em 2022, com valor mediano de reajuste de 10,5%. No ano anterior, foram 27.759 negocia\u00e7\u00f5es, com valor mediano de 7,08%. O piso salarial no ano passado ficou em R$ 1.481, ante R$ 1.352 em 2021.<\/p>\n<p>Os dados mostram ainda uma redu\u00e7\u00e3o generalizada da presen\u00e7a e dos valores dos benef\u00edcios e complementos salariais. O adicional noturno aparece em 11.409 dos mais de 32 mil acordos assinados em 2022. O adicional de sobreaviso est\u00e1 em 880 e o de hora extra, pouco mais de 16 mil.<\/p>\n<p>Em dezembro, o \u00edndice m\u00e9dio dos reajustes negociados em dezembro ficou em 6,5%. Os reajustes acima do INPC seguem predominando, com 74,6% do total. Para a pr\u00e9via de janeiro, a estimativa \u00e9 que 82,4% das negocia\u00e7\u00f5es estabele\u00e7am acordos acima da infla\u00e7\u00e3o. O piso m\u00e9dio no m\u00eas ficou em R$ 1.524.<\/p>\n<h2>Metodologia<\/h2>\n<p>O acompanhamento das negocia\u00e7\u00f5es coletivas \u00e9 feito por meio de acordos e conven\u00e7\u00f5es registrados no Mediador do Minist\u00e9rio da Economia.<\/p>\n<p>A Fipe coleta os dados e informa\u00e7\u00f5es dispon\u00edveis no sistema, tabula e organiza os valores observados para 40 resultados da negocia\u00e7\u00e3o coletiva, reunidos em acordos e conven\u00e7\u00f5es e tamb\u00e9m por atividade econ\u00f4mica e setores econ\u00f4micos.<\/p>\n<p><span style=\"font-weight: 400;\">Fonte: Ag\u00eancia Brasil <\/span><\/p>\n","protected":false},"excerpt":{"rendered":"<p>Os reajustes salariais que ficaram abaixo da infla\u00e7\u00e3o, medida pelo \u00cdndice Nacional de Pre\u00e7os ao Consumidor (INPC), diminu\u00edram entre 2021 e 2022, aponta balan\u00e7o anual do Salari\u00f4metro, pesquisa da Funda\u00e7\u00e3o Instituto de Pesquisas Econ\u00f4micas (Fipe). No ano passado, 40,6% dos reajustes n\u00e3o recompuseram as perdas salariais pela alta de pre\u00e7os. J\u00e1 em 2021, essa propor\u00e7\u00e3o [&hellip;]<\/p>\n","protected":false},"author":246,"featured_media":209637,"comment_status":"closed","ping_status":"closed","sticky":false,"template":"","format":"standard","meta":{"footnotes":""},"categories":[436,261,439],"tags":[],"class_list":["post-209636","post","type-post","status-publish","format-standard","has-post-thumbnail","hentry","category-destaque-da-semana","category-economia","category-ultima-hora"],"_links":{"self":[{"href":"https:\/\/diarioregionaldigital.com.br\/index.php?rest_route=\/wp\/v2\/posts\/209636","targetHints":{"allow":["GET"]}}],"collection":[{"href":"https:\/\/diarioregionaldigital.com.br\/index.php?rest_route=\/wp\/v2\/posts"}],"about":[{"href":"https:\/\/diarioregionaldigital.com.br\/index.php?rest_route=\/wp\/v2\/types\/post"}],"author":[{"embeddable":true,"href":"https:\/\/diarioregionaldigital.com.br\/index.php?rest_route=\/wp\/v2\/users\/246"}],"replies":[{"embeddable":true,"href":"https:\/\/diarioregionaldigital.com.br\/index.php?rest_route=%2Fwp%2Fv2%2Fcomments&post=209636"}],"version-history":[{"count":1,"href":"https:\/\/diarioregionaldigital.com.br\/index.php?rest_route=\/wp\/v2\/posts\/209636\/revisions"}],"predecessor-version":[{"id":209638,"href":"https:\/\/diarioregionaldigital.com.br\/index.php?rest_route=\/wp\/v2\/posts\/209636\/revisions\/209638"}],"wp:featuredmedia":[{"embeddable":true,"href":"https:\/\/diarioregionaldigital.com.br\/index.php?rest_route=\/wp\/v2\/media\/209637"}],"wp:attachment":[{"href":"https:\/\/diarioregionaldigital.com.br\/index.php?rest_route=%2Fwp%2Fv2%2Fmedia&parent=209636"}],"wp:term":[{"taxonomy":"category","embeddable":true,"href":"https:\/\/diarioregionaldigital.com.br\/index.php?rest_route=%2Fwp%2Fv2%2Fcategories&post=209636"},{"taxonomy":"post_tag","embeddable":true,"href":"https:\/\/diarioregionaldigital.com.br\/index.php?rest_route=%2Fwp%2Fv2%2Ftags&post=209636"}],"curies":[{"name":"wp","href":"https:\/\/api.w.org\/{rel}","templated":true}]}}