{"id":209633,"date":"2023-01-27T17:26:26","date_gmt":"2023-01-27T20:26:26","guid":{"rendered":"https:\/\/diarioregionaldigital.com.br\/?p=209633"},"modified":"2023-01-27T17:26:26","modified_gmt":"2023-01-27T20:26:26","slug":"banco-central-corrige-dados-cambiais-e-pais-fecha-2022-no-negativo","status":"publish","type":"post","link":"https:\/\/diarioregionaldigital.com.br\/?p=209633","title":{"rendered":"Banco Central corrige dados cambiais e pa\u00eds fecha 2022 no negativo"},"content":{"rendered":"<p>Um erro na compila\u00e7\u00e3o dos dados da s\u00e9rie hist\u00f3rica do fluxo cambial \u2013 volume de d\u00f3lares que entram e saem do pa\u00eds \u2013 apontou uma diferen\u00e7a de US$ 14,5 bilh\u00f5es. O Banco Central (BC) constatou inconsist\u00eancias no ano de 2022 e tamb\u00e9m nos \u00faltimos tr\u00eas meses de 2021.<img decoding=\"async\" src=\"https:\/\/agenciabrasil.ebc.com.br\/ebc.png?id=1506534&amp;o=node\" \/><img decoding=\"async\" src=\"https:\/\/agenciabrasil.ebc.com.br\/ebc.gif?id=1506534&amp;o=node\" \/><\/p>\n<p>Ap\u00f3s uma revis\u00e3o das informa\u00e7\u00f5es, o BC informou que, em 2022, o Brasil registrou uma sa\u00edda de mais de US$ 3 bilh\u00f5es em vez de uma entrada l\u00edquida de cerca de US$ 9,5 bilh\u00f5es, informados anteriormente.<\/p>\n<p>Quando h\u00e1 sa\u00edda l\u00edquida, significa que mais d\u00f3lares sa\u00edram do pa\u00eds do que entraram. Quando acontece o contr\u00e1rio, o resultado \u00e9 uma entrada l\u00edquida da moeda americana no pa\u00eds.<\/p>\n<p>Os dados de 2021 tamb\u00e9m apresentaram erro, com repercuss\u00e3o menor j\u00e1 que contemplam apenas os 3 \u00faltimos meses do ano. A diferen\u00e7a, nesse caso, foi de US$ 1,7 bilh\u00e3o.<\/p>\n<p>J\u00e1 em 2022, o erro gerou um buraco de quase US$ 13 bilh\u00f5es.<\/p>\n<p>Em v\u00eddeo publicado ontem (26) nas redes sociais, o chefe do Departamento de Estat\u00edsticas do BC, Fernando Rocha, pede desculpas pela falha.<\/p>\n<p>Com o erro, o fluxo cambial de 2022 passa de positivo, baseado em dados incorretos, para negativo ap\u00f3s a revis\u00e3o.<\/p>\n<p><span style=\"font-weight: 400;\"><br \/>\n<\/span><span style=\"font-weight: 400;\">Fonte: Ag\u00eancia Brasil <\/span><\/p>\n","protected":false},"excerpt":{"rendered":"<p>Um erro na compila\u00e7\u00e3o dos dados da s\u00e9rie hist\u00f3rica do fluxo cambial \u2013 volume de d\u00f3lares que entram e saem do pa\u00eds \u2013 apontou uma diferen\u00e7a de US$ 14,5 bilh\u00f5es. O Banco Central (BC) constatou inconsist\u00eancias no ano de 2022 e tamb\u00e9m nos \u00faltimos tr\u00eas meses de 2021. Ap\u00f3s uma revis\u00e3o das informa\u00e7\u00f5es, o BC [&hellip;]<\/p>\n","protected":false},"author":246,"featured_media":209634,"comment_status":"closed","ping_status":"closed","sticky":false,"template":"","format":"standard","meta":{"footnotes":""},"categories":[436,261,439],"tags":[],"class_list":["post-209633","post","type-post","status-publish","format-standard","has-post-thumbnail","hentry","category-destaque-da-semana","category-economia","category-ultima-hora"],"_links":{"self":[{"href":"https:\/\/diarioregionaldigital.com.br\/index.php?rest_route=\/wp\/v2\/posts\/209633","targetHints":{"allow":["GET"]}}],"collection":[{"href":"https:\/\/diarioregionaldigital.com.br\/index.php?rest_route=\/wp\/v2\/posts"}],"about":[{"href":"https:\/\/diarioregionaldigital.com.br\/index.php?rest_route=\/wp\/v2\/types\/post"}],"author":[{"embeddable":true,"href":"https:\/\/diarioregionaldigital.com.br\/index.php?rest_route=\/wp\/v2\/users\/246"}],"replies":[{"embeddable":true,"href":"https:\/\/diarioregionaldigital.com.br\/index.php?rest_route=%2Fwp%2Fv2%2Fcomments&post=209633"}],"version-history":[{"count":1,"href":"https:\/\/diarioregionaldigital.com.br\/index.php?rest_route=\/wp\/v2\/posts\/209633\/revisions"}],"predecessor-version":[{"id":209635,"href":"https:\/\/diarioregionaldigital.com.br\/index.php?rest_route=\/wp\/v2\/posts\/209633\/revisions\/209635"}],"wp:featuredmedia":[{"embeddable":true,"href":"https:\/\/diarioregionaldigital.com.br\/index.php?rest_route=\/wp\/v2\/media\/209634"}],"wp:attachment":[{"href":"https:\/\/diarioregionaldigital.com.br\/index.php?rest_route=%2Fwp%2Fv2%2Fmedia&parent=209633"}],"wp:term":[{"taxonomy":"category","embeddable":true,"href":"https:\/\/diarioregionaldigital.com.br\/index.php?rest_route=%2Fwp%2Fv2%2Fcategories&post=209633"},{"taxonomy":"post_tag","embeddable":true,"href":"https:\/\/diarioregionaldigital.com.br\/index.php?rest_route=%2Fwp%2Fv2%2Ftags&post=209633"}],"curies":[{"name":"wp","href":"https:\/\/api.w.org\/{rel}","templated":true}]}}