{"id":209630,"date":"2023-01-27T17:23:48","date_gmt":"2023-01-27T20:23:48","guid":{"rendered":"https:\/\/diarioregionaldigital.com.br\/?p=209630"},"modified":"2023-01-27T17:23:48","modified_gmt":"2023-01-27T20:23:48","slug":"confianca-do-empresario-do-comercio-cai-36-em-janeiro-diz-cnc","status":"publish","type":"post","link":"https:\/\/diarioregionaldigital.com.br\/?p=209630","title":{"rendered":"Confian\u00e7a do empres\u00e1rio do com\u00e9rcio cai 3,6% em janeiro, diz CNC"},"content":{"rendered":"<p>O \u00cdndice de Confian\u00e7a do Empres\u00e1rio do Com\u00e9rcio (Icec) caiu 3,6% em janeiro na compara\u00e7\u00e3o com o m\u00eas anterior, j\u00e1 descontados os efeitos sazonais e atingiu 119 pontos. De acordo com a Confedera\u00e7\u00e3o Nacional do Com\u00e9rcio de Bens, Servi\u00e7os e Turismo (CNC), que mede o indicador, trata-se da segunda queda consecutiva. O \u00edndice varia de zero a 200 pontos. Resultados acima de 100 indicam otimismo.<img decoding=\"async\" src=\"https:\/\/agenciabrasil.ebc.com.br\/ebc.png?id=1506497&amp;o=node\" \/><img decoding=\"async\" src=\"https:\/\/agenciabrasil.ebc.com.br\/ebc.gif?id=1506497&amp;o=node\" \/><\/p>\n<p>Na compara\u00e7\u00e3o com janeiro de 2021, o otimismo recuou 1,7%. Segundo a CNC, com redu\u00e7\u00e3o mensal de todos os indicadores, o otimismo do comerciante chegou ao menor n\u00edvel desde abril de 2022. Os dados foram divulgados hoje (27) pela entidade.<\/p>\n<p>A queda de 6,4% no \u00edndice de expectativas para o curto prazo chamou a aten\u00e7\u00e3o. Conforme a pesquisa, com a desacelera\u00e7\u00e3o da atividade econ\u00f4mica em geral, mas principalmente, do varejo no fim do ano passado, as perspectivas dos comerciantes sobre a economia chegou aos 125,7 pontos e sobre o setor do com\u00e9rcio aos 139 pontos. Os dois s\u00e3o os menores n\u00edveis desde abril de 2021.<\/p>\n<p>O presidente da CNC, Jos\u00e9 Roberto Tadros, destacou que diante da desacelera\u00e7\u00e3o da cria\u00e7\u00e3o de vagas no mercado de trabalho e do alto n\u00edvel de endividamento das fam\u00edlias, o consumidor fica mais cauteloso, cen\u00e1rio que deve persistir durante 2023.<\/p>\n<p>\u201cO com\u00e9rcio de bens e servi\u00e7os, que representa grande parte do PIB brasileiro e gera a maioria dos postos de trabalho formal, sente o desaquecimento das vendas provocado pela combina\u00e7\u00e3o da infla\u00e7\u00e3o persistente com os juros elevados\u201d, observou.<\/p>\n<p>A parcela de varejistas que acredita em uma piora no cen\u00e1rio econ\u00f4mico nos pr\u00f3ximos meses subiu de 12,1% em novembro para 31,4% em janeiro. J\u00e1 na performance do varejo, o percentual de comerciantes que t\u00eam perspectiva de piora nas vendas, saiu de 9,3% em novembro para 23,7% em janeiro.<\/p>\n<p>\u201cOs comerciantes v\u00eam apontando, h\u00e1 dois meses, deteriora\u00e7\u00e3o r\u00e1pida das expectativas sobre o desempenho da atividade econ\u00f4mica e do com\u00e9rcio no primeiro semestre deste ano\u201d, apontou a economista da CNC respons\u00e1vel pelo Icec, Izis Ferreira.<\/p>\n<h2>Investimentos<\/h2>\n<p>Izis Ferreira assinala que com a redu\u00e7\u00e3o das vendas os varejistas refazem o planejamento para 2023. \u201cA piora na percep\u00e7\u00e3o das condi\u00e7\u00f5es atuais e das expectativas est\u00e1 levando os comerciantes a reavaliar investimentos na empresa e na recomposi\u00e7\u00e3o dos estoques\u201d, indica a economista.<\/p>\n<p>O Icec apontou ainda a quinta queda consecutiva na inten\u00e7\u00e3o de investir no neg\u00f3cio, que recuou 3,9% de dezembro a janeiro, fazendo o \u00edndice alcan\u00e7ar 109,4 pontos. Do total de comerciantes, 42,4% pretendem reduzir investimentos. O percentual \u00e9 o maior desde junho do ano passado.<\/p>\n<p>De acordo com a CNC, os lojistas de todos os segmentos do varejo revelaram que v\u00e3o enxugar investimentos. Segundo a entidade, o destaque do indicador \u00e9 a queda de 5% em rela\u00e7\u00e3o a dezembro entre os varejistas de produtos dur\u00e1veis, o que levou o \u00edndice aos 103,4 pontos.<\/p>\n<p>Com uma queda de 0,3%, houve tamb\u00e9m piora na avalia\u00e7\u00e3o dos comerciantes sobre o n\u00edvel dos estoques em janeiro. O indicador atingiu 94,6 pontos, A parcela de comerciantes que avaliam os estoques como adequados, representa 60% do total de varejistas. \u00c9 a menor desde junho de 2021.<\/p>\n<p>\u201cOs juros permanecer\u00e3o elevados pelo menos at\u00e9 o terceiro trimestre deste ano, o que deve reverberar negativamente no consumo de bens dependentes do cr\u00e9dito\u201d, disse Izis Ferreira.<\/p>\n<p>Tamb\u00e9m chamou a aten\u00e7\u00e3o a redu\u00e7\u00e3o de 10,4% na inten\u00e7\u00e3o de contratar novos funcion\u00e1rios, em rela\u00e7\u00e3o a janeiro de 2021, somada \u00e0 queda de 6,7% se comparado a dezembro. O \u00edndice ficou em 122,9 pontos, ainda no espectro de otimismo.<\/p>\n<p>Na vis\u00e3o da economista, tradicionalmente, por ser um per\u00edodo de menor quantidade de vendas, janeiro \u00e9 um momento de redu\u00e7\u00e3o da contrata\u00e7\u00e3o. Al\u00e9m disso, a contrata\u00e7\u00e3o de parte dos empregados tempor\u00e1rios realizada at\u00e9 dezembro leva \u00e0 redu\u00e7\u00e3o da inten\u00e7\u00e3o em criar vagas novas.<\/p>\n<h2>Icec<\/h2>\n<p>Conforme a CNC, o \u00cdndice de Confian\u00e7a do Empres\u00e1rio do Com\u00e9rcio (Icec) \u00e9 um indicador antecedente, apurado exclusivamente entre os tomadores de decis\u00e3o das empresas do varejo. A inten\u00e7\u00e3o \u00e9 detectar as tend\u00eancias das a\u00e7\u00f5es do setor do ponto de vista do empres\u00e1rio.<\/p>\n<p>A amostra \u00e9 composta por aproximadamente seis mil empresas em todas as capitais do pa\u00eds. O \u00edndice avalia as condi\u00e7\u00f5es atuais, as expectativas de curto prazo e as inten\u00e7\u00f5es de investimento dos empres\u00e1rios do com\u00e9rcio.<\/p>\n<p><span style=\"font-weight: 400;\">Fonte: Ag\u00eancia Brasil <\/span><\/p>\n","protected":false},"excerpt":{"rendered":"<p>O \u00cdndice de Confian\u00e7a do Empres\u00e1rio do Com\u00e9rcio (Icec) caiu 3,6% em janeiro na compara\u00e7\u00e3o com o m\u00eas anterior, j\u00e1 descontados os efeitos sazonais e atingiu 119 pontos. De acordo com a Confedera\u00e7\u00e3o Nacional do Com\u00e9rcio de Bens, Servi\u00e7os e Turismo (CNC), que mede o indicador, trata-se da segunda queda consecutiva. O \u00edndice varia de [&hellip;]<\/p>\n","protected":false},"author":246,"featured_media":209631,"comment_status":"closed","ping_status":"closed","sticky":false,"template":"","format":"standard","meta":{"footnotes":""},"categories":[436,261,439],"tags":[],"class_list":["post-209630","post","type-post","status-publish","format-standard","has-post-thumbnail","hentry","category-destaque-da-semana","category-economia","category-ultima-hora"],"_links":{"self":[{"href":"https:\/\/diarioregionaldigital.com.br\/index.php?rest_route=\/wp\/v2\/posts\/209630","targetHints":{"allow":["GET"]}}],"collection":[{"href":"https:\/\/diarioregionaldigital.com.br\/index.php?rest_route=\/wp\/v2\/posts"}],"about":[{"href":"https:\/\/diarioregionaldigital.com.br\/index.php?rest_route=\/wp\/v2\/types\/post"}],"author":[{"embeddable":true,"href":"https:\/\/diarioregionaldigital.com.br\/index.php?rest_route=\/wp\/v2\/users\/246"}],"replies":[{"embeddable":true,"href":"https:\/\/diarioregionaldigital.com.br\/index.php?rest_route=%2Fwp%2Fv2%2Fcomments&post=209630"}],"version-history":[{"count":1,"href":"https:\/\/diarioregionaldigital.com.br\/index.php?rest_route=\/wp\/v2\/posts\/209630\/revisions"}],"predecessor-version":[{"id":209632,"href":"https:\/\/diarioregionaldigital.com.br\/index.php?rest_route=\/wp\/v2\/posts\/209630\/revisions\/209632"}],"wp:featuredmedia":[{"embeddable":true,"href":"https:\/\/diarioregionaldigital.com.br\/index.php?rest_route=\/wp\/v2\/media\/209631"}],"wp:attachment":[{"href":"https:\/\/diarioregionaldigital.com.br\/index.php?rest_route=%2Fwp%2Fv2%2Fmedia&parent=209630"}],"wp:term":[{"taxonomy":"category","embeddable":true,"href":"https:\/\/diarioregionaldigital.com.br\/index.php?rest_route=%2Fwp%2Fv2%2Fcategories&post=209630"},{"taxonomy":"post_tag","embeddable":true,"href":"https:\/\/diarioregionaldigital.com.br\/index.php?rest_route=%2Fwp%2Fv2%2Ftags&post=209630"}],"curies":[{"name":"wp","href":"https:\/\/api.w.org\/{rel}","templated":true}]}}