{"id":209624,"date":"2023-01-27T17:11:05","date_gmt":"2023-01-27T20:11:05","guid":{"rendered":"https:\/\/diarioregionaldigital.com.br\/?p=209624"},"modified":"2023-01-27T17:11:05","modified_gmt":"2023-01-27T20:11:05","slug":"governo-central-registra-superavit-de-r-54086-bi-em-2022","status":"publish","type":"post","link":"https:\/\/diarioregionaldigital.com.br\/?p=209624","title":{"rendered":"Governo Central registra super\u00e1vit de R$ 54,086 bi em 2022"},"content":{"rendered":"<p>Depois de oito anos com resultados negativos, o Governo Central \u2013 Tesouro Nacional, Previd\u00eancia Social e Banco Central \u2013 fechou 2022 com super\u00e1vit prim\u00e1rio de R$ 54,086 bilh\u00f5es. Os n\u00fameros foram divulgados hoje (27) pelo Tesouro Nacional.<img decoding=\"async\" src=\"https:\/\/agenciabrasil.ebc.com.br\/ebc.png?id=1506565&amp;o=node\" \/><img decoding=\"async\" src=\"https:\/\/agenciabrasil.ebc.com.br\/ebc.gif?id=1506565&amp;o=node\" \/><\/p>\n<p>O resultado foi impulsionado pela arrecada\u00e7\u00e3o recorde, que subiu com o crescimento da economia e com receitas de royalties de petr\u00f3leo, que se valorizaram com a guerra entre R\u00fassia e Ucr\u00e2nia. Tamb\u00e9m contribuiu o adiamento de despesas, como o parcelamento de precat\u00f3rios de grande valor que vigorou no ano passado e a baixa execu\u00e7\u00e3o or\u00e7ament\u00e1ria de diversos programas do governo.<\/p>\n<p>O super\u00e1vit prim\u00e1rio representa a diferen\u00e7a entre as receitas e os gastos do governo sem considerar o pagamento dos juros da d\u00edvida p\u00fablica. Em valores nominais, esse \u00e9 o melhor resultado para as contas p\u00fablicas desde 2013, quando o Governo Central tinha registrado super\u00e1vit prim\u00e1rio de R$ 72,159 bilh\u00f5es. De 2014 a 2021, as contas p\u00fablicas registraram d\u00e9ficits anuais seguidos.<\/p>\n<p>O resultado veio melhor que o esperado pela equipe econ\u00f4mica. No fim de dezembro, a antiga Secretaria Especial de Tesouro e Or\u00e7amento do Minist\u00e9rio da Economia tinha divulgado que esperava que o super\u00e1vit prim\u00e1rio terminasse o\u00a0<a href=\"https:\/\/agenciabrasil.ebc.com.br\/economia\/noticia\/2022-12\/governo-eleva-previsao-de-superavit-primario-em-2022-para-r-3414-bi\" target=\"_blank\" rel=\"noopener\">ano passado em R$ 34,14 bilh\u00f5es<\/a>.<\/p>\n<p>O super\u00e1vit prim\u00e1rio s\u00f3 n\u00e3o foi maior por causa do acordo que extinguiu a d\u00edvida de cerca de R$ 24 bilh\u00f5es da prefeitura de S\u00e3o Paulo com a Uni\u00e3o em troca da extin\u00e7\u00e3o da a\u00e7\u00e3o judicial que questiona o controle do aeroporto de\u00a0<a href=\"https:\/\/agenciabrasil.ebc.com.br\/geral\/noticia\/2022-03\/prefeito-de-sp-e-presidente-fazem-acordo-sobre-o-campo-de-marte\" target=\"_blank\" rel=\"noopener\">Campo de Marte<\/a>\u00a0na capital paulista. N\u00e3o fosse o acordo, o Governo Central teria obtido super\u00e1vit prim\u00e1rio de R$ 78 bilh\u00f5es em 2022, segundo o Tesouro.<\/p>\n<h2>Dezembro<\/h2>\n<p>Apenas em dezembro, o governo registrou super\u00e1vit prim\u00e1rio de R$ 4,427 bilh\u00f5es. O resultado representa queda de 69,7% em rela\u00e7\u00e3o a dezembro de 2021, descontada a infla\u00e7\u00e3o oficial pelo \u00cdndice Nacional de Pre\u00e7os ao Consumidor Amplo (IPCA).<\/p>\n<p>Apesar do recuo, o super\u00e1vit de dezembro veio acima do esperado pelas institui\u00e7\u00f5es financeiras. Segundo a pesquisa Prisma Fiscal, divulgada todos os meses pelo Minist\u00e9rio da Economia, os analistas de mercado esperavam resultado positivo de R$ 3,4 bilh\u00f5es no m\u00eas passado.<\/p>\n<h2>Receitas<\/h2>\n<p>Em 2022, as receitas cresceram mais que as despesas. No ano passado, as receitas l\u00edquidas cresceram 17,5% em rela\u00e7\u00e3o a 2021 em valores nominais. Descontada a infla\u00e7\u00e3o pelo \u00cdndice Nacional de Pre\u00e7os ao Consumidor Amplo (IPCA), o crescimento atingiu 7,7%. No mesmo per\u00edodo, as despesas totais subiram 11,6% em valores nominais e 2,1% ap\u00f3s descontar a infla\u00e7\u00e3o.<\/p>\n<p>Em rela\u00e7\u00e3o ao pagamento de impostos, houve crescimento de R$ 102,4 bilh\u00f5es (+17,8%) acima da infla\u00e7\u00e3o no Imposto de Renda em 2022, motivado principalmente pelo aumento do lucro das empresas. Em grande parte, essa alta reflete o aumento do lucro das empresas de energia e de petr\u00f3leo, o que ajudou a compensar parcialmente as desonera\u00e7\u00f5es para a ind\u00fastria (-R$ 18 bilh\u00f5es) e para os combust\u00edveis.<\/p>\n<p>Com o encarecimento do petr\u00f3leo no mercado internacional, as receitas com royalties cresceram R$ 30,4 bilh\u00f5es (+29,1%) acima da infla\u00e7\u00e3o no ano passado na compara\u00e7\u00e3o com 2021. Atualmente, a cota\u00e7\u00e3o do barril internacional est\u00e1 em torno de US$ 80 por causa da guerra entre R\u00fassia e Ucr\u00e2nia, mas chegou a atingir US$ 130 nos primeiros meses do conflito.<\/p>\n<h2>Despesas<\/h2>\n<p>Do lado das despesas, houve queda de R$ 82,2 bilh\u00f5es com cr\u00e9ditos extraordin\u00e1rios em 2022, principalmente as despesas associadas ao combate \u00e0 pandemia de covid-19. No entanto, esse recuo foi compensado pelo aumento de outros gastos.<\/p>\n<p>Subiram os gastos com programas sociais ap\u00f3s a emenda constitucional que aumentou o valor do Aux\u00edlio Brasil e criou os aux\u00edlios Taxista e Caminhoneiro. A eleva\u00e7\u00e3o do valor do benef\u00edcio para R$ 400 no primeiro semestre e para R$ 600 no segundo semestre aumentou os gastos em R$ 61,7 bilh\u00f5es acima da infla\u00e7\u00e3o no ano passado.<\/p>\n<p>Em contrapartida, os gastos com o funcionalismo federal ca\u00edram 6,1% em 2022 descontada a infla\u00e7\u00e3o. A queda reflete o congelamento de sal\u00e1rios dos servidores p\u00fablicos que vigorou entre julho de 2020 e dezembro de 2021 e a falta de reajustes em 2022.<\/p>\n<p>Em rela\u00e7\u00e3o aos investimentos (obras p\u00fablicas e compra de equipamentos), o governo federal investiu R$ 45,558 bilh\u00f5es no ano passado. O valor representa queda de 26,7%, descontado o IPCA, em rela\u00e7\u00e3o a 2021.<\/p>\n<p><span style=\"font-weight: 400;\">Fonte: Ag\u00eancia Brasil <\/span><\/p>\n","protected":false},"excerpt":{"rendered":"<p>Depois de oito anos com resultados negativos, o Governo Central \u2013 Tesouro Nacional, Previd\u00eancia Social e Banco Central \u2013 fechou 2022 com super\u00e1vit prim\u00e1rio de R$ 54,086 bilh\u00f5es. Os n\u00fameros foram divulgados hoje (27) pelo Tesouro Nacional. O resultado foi impulsionado pela arrecada\u00e7\u00e3o recorde, que subiu com o crescimento da economia e com receitas de [&hellip;]<\/p>\n","protected":false},"author":246,"featured_media":209625,"comment_status":"closed","ping_status":"closed","sticky":false,"template":"","format":"standard","meta":{"footnotes":""},"categories":[436,440,261,439],"tags":[],"class_list":["post-209624","post","type-post","status-publish","format-standard","has-post-thumbnail","hentry","category-destaque-da-semana","category-destaques-do-dia","category-economia","category-ultima-hora"],"_links":{"self":[{"href":"https:\/\/diarioregionaldigital.com.br\/index.php?rest_route=\/wp\/v2\/posts\/209624","targetHints":{"allow":["GET"]}}],"collection":[{"href":"https:\/\/diarioregionaldigital.com.br\/index.php?rest_route=\/wp\/v2\/posts"}],"about":[{"href":"https:\/\/diarioregionaldigital.com.br\/index.php?rest_route=\/wp\/v2\/types\/post"}],"author":[{"embeddable":true,"href":"https:\/\/diarioregionaldigital.com.br\/index.php?rest_route=\/wp\/v2\/users\/246"}],"replies":[{"embeddable":true,"href":"https:\/\/diarioregionaldigital.com.br\/index.php?rest_route=%2Fwp%2Fv2%2Fcomments&post=209624"}],"version-history":[{"count":1,"href":"https:\/\/diarioregionaldigital.com.br\/index.php?rest_route=\/wp\/v2\/posts\/209624\/revisions"}],"predecessor-version":[{"id":209626,"href":"https:\/\/diarioregionaldigital.com.br\/index.php?rest_route=\/wp\/v2\/posts\/209624\/revisions\/209626"}],"wp:featuredmedia":[{"embeddable":true,"href":"https:\/\/diarioregionaldigital.com.br\/index.php?rest_route=\/wp\/v2\/media\/209625"}],"wp:attachment":[{"href":"https:\/\/diarioregionaldigital.com.br\/index.php?rest_route=%2Fwp%2Fv2%2Fmedia&parent=209624"}],"wp:term":[{"taxonomy":"category","embeddable":true,"href":"https:\/\/diarioregionaldigital.com.br\/index.php?rest_route=%2Fwp%2Fv2%2Fcategories&post=209624"},{"taxonomy":"post_tag","embeddable":true,"href":"https:\/\/diarioregionaldigital.com.br\/index.php?rest_route=%2Fwp%2Fv2%2Ftags&post=209624"}],"curies":[{"name":"wp","href":"https:\/\/api.w.org\/{rel}","templated":true}]}}