{"id":209621,"date":"2023-01-27T00:22:55","date_gmt":"2023-01-27T03:22:55","guid":{"rendered":"https:\/\/diarioregionaldigital.com.br\/?p=209621"},"modified":"2023-01-27T00:22:55","modified_gmt":"2023-01-27T03:22:55","slug":"o-reino","status":"publish","type":"post","link":"https:\/\/diarioregionaldigital.com.br\/?p=209621","title":{"rendered":"O Reino"},"content":{"rendered":"<p>\u201cE ao que vencer e guardar at\u00e9 ao fim as minhas obras, eu lhe darei poder sobre as na\u00e7\u00f5es\u201d (Apocalipse 2: 26).<\/p>\n<p>Quem cr\u00ea pertence ao Reino de Deus. Esta n\u00e3o \u00e9 uma promessa futura, \u00e9 um fato presente:<\/p>\n<p>\u201cCerta vez, interrogado pelos fariseus sobre quando se daria a vinda do Reino de Deus, Jesus lhes explicou: \u2018N\u00e3o vem o Reino de Deus com vis\u00edvel apar\u00eancia. Nem haver\u00e1 an\u00fancios: \u2018Ei-lo aqui!\u2019 Ou: \u2018L\u00e1 est\u00e1!\u2019. Pois o Reino de Deus j\u00e1 est\u00e1 entre v\u00f3s!\u2019\u201d (Lucas 17: 20, 21).<\/p>\n<p>Jesus j\u00e1 \u00e9 o Rei que triunfou sobre todos os inimigos e j\u00e1 governa \u00e0 destra do Pai, sentado no trono que est\u00e1 localizado no lugar sant\u00edssimo: \u201ctudo sujeitaste debaixo dos seus p\u00e9s.\u00a0 Ao lhe sujeitar todas as coisas, nada deixou que n\u00e3o lhe estivesse sujeito.\u201d(Hebreus 2: 8a).<\/p>\n<p>Neste momento trata-se de um Reino por ades\u00e3o, ou seja, n\u00f3s escolhemos participar dele ou n\u00e3o: \u201cBusquem, pois, em primeiro lugar o Reino de Deus e a sua justi\u00e7a, e todas essas coisas lhes ser\u00e3o acrescentadas\u201d (Mateus 6: 33).<\/p>\n<p>Quando a pessoa tem f\u00e9 e decide deixar a Palavra orient\u00e1-la e o Esp\u00edrito governar seus atos, ela se torna cidad\u00e3 celestial: \u201c\u00c0quele que \u00e9 capaz de fazer infinitamente mais do que tudo o que pedimos ou pensamos, de acordo com o seu poder que atua em n\u00f3s\u201d (Ef\u00e9sios 3: 20).<\/p>\n<p>Mas tal cidadania vem acompanhada de enorme responsabilidade, pois vivemos neste mundo que \u00e9 um campo de batalha espiritual: \u201cDe fato, todos os que desejam viver piedosamente em Cristo Jesus ser\u00e3o perseguidos\u201d (2 Tim\u00f3teo 3: 12).<\/p>\n<p>Jesus j\u00e1 triunfou, no entanto, o Diabo, derrotado na Cruz (Cl 2.15), ainda lidera a resist\u00eancia. Sendo assim, precisamos, como embaixadores, representar o Rei (2Co 5.20) e, como mil\u00edcia de Cristo, pelejar a luta do Reino (Ef 6.10-18). Uma luta que n\u00e3o \u00e9 contra carne e sangue (Ef 6.12), mas que se trava no cora\u00e7\u00e3o de cada indiv\u00edduo que habita este planeta:<\/p>\n<p>\u201cPois, embora vivamos como homens, n\u00e3o lutamos segundo os padr\u00f5es humanos. As armas com as quais lutamos n\u00e3o s\u00e3o humanas; pelo contr\u00e1rio, s\u00e3o poderosas em Deus para destruir fortalezas. Destru\u00edmos argumentos e toda pretens\u00e3o que se levanta contra o conhecimento de Deus, e levamos cativo todo pensamento, para torn\u00e1-lo obediente a Cristo\u201d (2 Cor\u00edntios 10: 3-5)<\/p>\n<p>Jesus Cristo h\u00e1 de mostrar-se Rei a todos, mesmo para os que n\u00e3o cr\u00eaem, por\u00e9m esta hora n\u00e3o chegou, ainda n\u00e3o \u00e9 o momento: \u201ca qual Deus far\u00e1 se cumprir no seu devido tempo. Ele \u00e9 o bendito e \u00fanico Soberano, o Rei dos reis e Senhor dos senhores\u201d (1 Tim\u00f3teo 6: 15).<\/p>\n<p>At\u00e9 l\u00e1 perseveramos, pois aquele que n\u00e3o recuar da batalha, Jesus j\u00e1 nos disse: receber\u00e1 o poder sobre as na\u00e7\u00f5es.<\/p>\n","protected":false},"excerpt":{"rendered":"<p>\u201cE ao que vencer e guardar at\u00e9 ao fim as minhas obras, eu lhe darei poder sobre as na\u00e7\u00f5es\u201d (Apocalipse 2: 26). Quem cr\u00ea pertence ao Reino de Deus. Esta n\u00e3o \u00e9 uma promessa futura, \u00e9 um fato presente: \u201cCerta vez, interrogado pelos fariseus sobre quando se daria a vinda do Reino de Deus, Jesus [&hellip;]<\/p>\n","protected":false},"author":96,"featured_media":0,"comment_status":"closed","ping_status":"closed","sticky":false,"template":"","format":"standard","meta":{"footnotes":""},"categories":[1244],"tags":[],"class_list":["post-209621","post","type-post","status-publish","format-standard","hentry","category-oleg-abramov"],"_links":{"self":[{"href":"https:\/\/diarioregionaldigital.com.br\/index.php?rest_route=\/wp\/v2\/posts\/209621","targetHints":{"allow":["GET"]}}],"collection":[{"href":"https:\/\/diarioregionaldigital.com.br\/index.php?rest_route=\/wp\/v2\/posts"}],"about":[{"href":"https:\/\/diarioregionaldigital.com.br\/index.php?rest_route=\/wp\/v2\/types\/post"}],"author":[{"embeddable":true,"href":"https:\/\/diarioregionaldigital.com.br\/index.php?rest_route=\/wp\/v2\/users\/96"}],"replies":[{"embeddable":true,"href":"https:\/\/diarioregionaldigital.com.br\/index.php?rest_route=%2Fwp%2Fv2%2Fcomments&post=209621"}],"version-history":[{"count":1,"href":"https:\/\/diarioregionaldigital.com.br\/index.php?rest_route=\/wp\/v2\/posts\/209621\/revisions"}],"predecessor-version":[{"id":209622,"href":"https:\/\/diarioregionaldigital.com.br\/index.php?rest_route=\/wp\/v2\/posts\/209621\/revisions\/209622"}],"wp:attachment":[{"href":"https:\/\/diarioregionaldigital.com.br\/index.php?rest_route=%2Fwp%2Fv2%2Fmedia&parent=209621"}],"wp:term":[{"taxonomy":"category","embeddable":true,"href":"https:\/\/diarioregionaldigital.com.br\/index.php?rest_route=%2Fwp%2Fv2%2Fcategories&post=209621"},{"taxonomy":"post_tag","embeddable":true,"href":"https:\/\/diarioregionaldigital.com.br\/index.php?rest_route=%2Fwp%2Fv2%2Ftags&post=209621"}],"curies":[{"name":"wp","href":"https:\/\/api.w.org\/{rel}","templated":true}]}}