{"id":209613,"date":"2023-01-26T18:43:53","date_gmt":"2023-01-26T21:43:53","guid":{"rendered":"https:\/\/diarioregionaldigital.com.br\/?p=209613"},"modified":"2023-01-26T18:43:53","modified_gmt":"2023-01-26T21:43:53","slug":"pjf-atende-quase-30-pracas-em-quatro-dias-com-limpeza-e-poda-de-grama","status":"publish","type":"post","link":"https:\/\/diarioregionaldigital.com.br\/?p=209613","title":{"rendered":"PJF atende quase 30 pra\u00e7as em quatro dias com limpeza e poda de grama"},"content":{"rendered":"<p>Segundo informa\u00e7\u00f5es do site da Prefeitura de Juiz de Fora (PJF), em semana de produ\u00e7\u00e3o acelerada, a Prefeitura de Juiz de Fora (PJF) esteve presente em 27 pra\u00e7as, de 21 bairros, entre domingo, 22, e quarta-feira, 25. No per\u00edodo, mais de 21 mil metros quadrados de \u00e1rea verde receberam limpeza e poda de grama das equipes da PJF.<br \/>\nEntre os locais atendidos, destaque para a Pra\u00e7a Dorvina Maria Barbosa, no bairro Ponte Preta. O lugar, que \u00e9 ponto de encontro dos moradores, tamb\u00e9m \u00e9 utilizado para atividades esportivas e aulas diversas da comunidade.<br \/>\nA Pra\u00e7a Jornalista D\u00e9cio Lopes, no Santos Dumont, tamb\u00e9m recebeu as equipes da Empresa Municipal de Pavimenta\u00e7\u00e3o e Urbanidades (Empav) nos \u00faltimos dias e est\u00e1 pronta para o lazer de toda a popula\u00e7\u00e3o.<br \/>\n<strong>Confira abaixo os bairros atendidos nesta semana:<\/strong><br \/>\nAlto dos Passos<br \/>\nBarbosa Lage<br \/>\nBom Pastor<br \/>\nCai\u00e7aras<br \/>\nCentro<br \/>\nMarumbi<br \/>\nMilho Branco<br \/>\nNossa Senhora Aparecida<br \/>\nNova Era II<br \/>\nPaineiras<br \/>\nPaula Lima<br \/>\nPo\u00e7o Rico<br \/>\nPonte Preta<br \/>\nSanta Efig\u00eania<br \/>\nSanta Helena<br \/>\nSantos Dumont<br \/>\nS\u00e3o Judas Tadeu<br \/>\nVale Verde<br \/>\nVila Esperan\u00e7a I<br \/>\nVila Ideal<br \/>\nVitorino Braga<br \/>\nOs trabalhos seguem em andamento na cidade e a programa\u00e7\u00e3o di\u00e1ria completa pode ser conferida na p\u00e1gina do Gabinete de A\u00e7\u00e3o e Di\u00e1logo Comunit\u00e1rio atrav\u00e9s do<a href=\"https:\/\/www.pjf.mg.gov.br\/gabinetecomunitario\/#onde\">\u00a0link<\/a>. Para solicitar servi\u00e7os de zeladoria em vias p\u00fablicas, como tapa-buracos, poda e corte de \u00e1rvores, limpeza de pra\u00e7as e outros, entre em contato com o Gabinete de A\u00e7\u00e3o e Di\u00e1logo Comunit\u00e1rio, atrav\u00e9s do telefone (32) 3690-7241 (liga\u00e7\u00e3o ou WhatsApp).<\/p>\n","protected":false},"excerpt":{"rendered":"<p>Segundo informa\u00e7\u00f5es do site da Prefeitura de Juiz de Fora (PJF), em semana de produ\u00e7\u00e3o acelerada, a Prefeitura de Juiz de Fora (PJF) esteve presente em 27 pra\u00e7as, de 21 bairros, entre domingo, 22, e quarta-feira, 25. No per\u00edodo, mais de 21 mil metros quadrados de \u00e1rea verde receberam limpeza e poda de grama das [&hellip;]<\/p>\n","protected":false},"author":246,"featured_media":209614,"comment_status":"closed","ping_status":"closed","sticky":false,"template":"","format":"standard","meta":{"footnotes":""},"categories":[253,436,439],"tags":[],"class_list":["post-209613","post","type-post","status-publish","format-standard","has-post-thumbnail","hentry","category-cidade","category-destaque-da-semana","category-ultima-hora"],"_links":{"self":[{"href":"https:\/\/diarioregionaldigital.com.br\/index.php?rest_route=\/wp\/v2\/posts\/209613","targetHints":{"allow":["GET"]}}],"collection":[{"href":"https:\/\/diarioregionaldigital.com.br\/index.php?rest_route=\/wp\/v2\/posts"}],"about":[{"href":"https:\/\/diarioregionaldigital.com.br\/index.php?rest_route=\/wp\/v2\/types\/post"}],"author":[{"embeddable":true,"href":"https:\/\/diarioregionaldigital.com.br\/index.php?rest_route=\/wp\/v2\/users\/246"}],"replies":[{"embeddable":true,"href":"https:\/\/diarioregionaldigital.com.br\/index.php?rest_route=%2Fwp%2Fv2%2Fcomments&post=209613"}],"version-history":[{"count":1,"href":"https:\/\/diarioregionaldigital.com.br\/index.php?rest_route=\/wp\/v2\/posts\/209613\/revisions"}],"predecessor-version":[{"id":209615,"href":"https:\/\/diarioregionaldigital.com.br\/index.php?rest_route=\/wp\/v2\/posts\/209613\/revisions\/209615"}],"wp:featuredmedia":[{"embeddable":true,"href":"https:\/\/diarioregionaldigital.com.br\/index.php?rest_route=\/wp\/v2\/media\/209614"}],"wp:attachment":[{"href":"https:\/\/diarioregionaldigital.com.br\/index.php?rest_route=%2Fwp%2Fv2%2Fmedia&parent=209613"}],"wp:term":[{"taxonomy":"category","embeddable":true,"href":"https:\/\/diarioregionaldigital.com.br\/index.php?rest_route=%2Fwp%2Fv2%2Fcategories&post=209613"},{"taxonomy":"post_tag","embeddable":true,"href":"https:\/\/diarioregionaldigital.com.br\/index.php?rest_route=%2Fwp%2Fv2%2Ftags&post=209613"}],"curies":[{"name":"wp","href":"https:\/\/api.w.org\/{rel}","templated":true}]}}