{"id":209609,"date":"2023-01-26T18:41:03","date_gmt":"2023-01-26T21:41:03","guid":{"rendered":"https:\/\/diarioregionaldigital.com.br\/?p=209609"},"modified":"2023-01-26T18:41:03","modified_gmt":"2023-01-26T21:41:03","slug":"pjf-intensifica-acoes-intersetoriais-de-combate-as-arboviroses","status":"publish","type":"post","link":"https:\/\/diarioregionaldigital.com.br\/?p=209609","title":{"rendered":"PJF intensifica a\u00e7\u00f5es intersetoriais de combate \u00e0s arboviroses"},"content":{"rendered":"<p>Segundo informa\u00e7\u00f5es do site da Prefeitura de Juiz de Fora (PJF),\u00a0 na manh\u00e3 desta quinta-feira, 26, membros do Comit\u00ea Municipal de Arboviroses se reuniram no Centro de Vigil\u00e2ncia em Sa\u00fade para discutir o plano de conting\u00eancia para o enfrentamento de doen\u00e7as como a Dengue, Zika e Chikungunya no munic\u00edpio. Atrav\u00e9s de a\u00e7\u00f5es intersetoriais, o plano de conting\u00eancia visa coordenar as respostas de enfrentamento \u00e0s arboviroses.<\/p>\n<p>Conduzida pela gerente do Departamento de Vigil\u00e2ncia Epidemiol\u00f3gica e Ambiental, Louise C\u00e2ndido, a reuni\u00e3o contou com a presen\u00e7a de representantes da Secretaria de Sa\u00fade (SS), Secretaria de Sustentabilidade em Meio Ambiente e Atividades Urbanas (Sesmaur), Secretaria de Governo (SG) e Secretaria de Comunica\u00e7\u00e3o P\u00fablica (Secom).<\/p>\n<p>A gerente avaliou o plano e sua import\u00e2ncia para o enfrentamento das doen\u00e7as. &#8220;O plano \u00e9 um instrumento para que possamos definir responsabilidades e organizar as a\u00e7\u00f5es para o combate \u00e0s arboviroses. O objetivo \u00e9 ajustar as ferramentas de trabalho do ponto de vista de preven\u00e7\u00e3o e controle, de forma que a gente consiga evitar um n\u00famero expressivo de casos.&#8221;<\/p>\n<p><strong>Estrat\u00e9gia de monitoramento<\/strong><\/p>\n<p>Durante o ano de 2022, al\u00e9m de novas contrata\u00e7\u00f5es de agentes de endemias e remodelagem do trabalho de campo, foi adotada a estrat\u00e9gia de monitoramento cont\u00ednuo atrav\u00e9s das ovitrampas, que constituem m\u00e9todo sens\u00edvel e eficaz na detec\u00e7\u00e3o da presen\u00e7a de\u00a0<em>Aedes aegypti<\/em>. S\u00e3o especialmente \u00fateis na detec\u00e7\u00e3o precoce de novas infesta\u00e7\u00f5es, apontando \u00e1reas de maior risco possibilitando que os agentes de endemias tenham atua\u00e7\u00e3o r\u00e1pida para execu\u00e7\u00e3o de estrat\u00e9gia de bloqueio e tratamento focal.<\/p>\n","protected":false},"excerpt":{"rendered":"<p>Segundo informa\u00e7\u00f5es do site da Prefeitura de Juiz de Fora (PJF),\u00a0 na manh\u00e3 desta quinta-feira, 26, membros do Comit\u00ea Municipal de Arboviroses se reuniram no Centro de Vigil\u00e2ncia em Sa\u00fade para discutir o plano de conting\u00eancia para o enfrentamento de doen\u00e7as como a Dengue, Zika e Chikungunya no munic\u00edpio. Atrav\u00e9s de a\u00e7\u00f5es intersetoriais, o plano [&hellip;]<\/p>\n","protected":false},"author":246,"featured_media":209610,"comment_status":"closed","ping_status":"closed","sticky":false,"template":"","format":"standard","meta":{"footnotes":""},"categories":[253,436,439],"tags":[],"class_list":["post-209609","post","type-post","status-publish","format-standard","has-post-thumbnail","hentry","category-cidade","category-destaque-da-semana","category-ultima-hora"],"_links":{"self":[{"href":"https:\/\/diarioregionaldigital.com.br\/index.php?rest_route=\/wp\/v2\/posts\/209609","targetHints":{"allow":["GET"]}}],"collection":[{"href":"https:\/\/diarioregionaldigital.com.br\/index.php?rest_route=\/wp\/v2\/posts"}],"about":[{"href":"https:\/\/diarioregionaldigital.com.br\/index.php?rest_route=\/wp\/v2\/types\/post"}],"author":[{"embeddable":true,"href":"https:\/\/diarioregionaldigital.com.br\/index.php?rest_route=\/wp\/v2\/users\/246"}],"replies":[{"embeddable":true,"href":"https:\/\/diarioregionaldigital.com.br\/index.php?rest_route=%2Fwp%2Fv2%2Fcomments&post=209609"}],"version-history":[{"count":1,"href":"https:\/\/diarioregionaldigital.com.br\/index.php?rest_route=\/wp\/v2\/posts\/209609\/revisions"}],"predecessor-version":[{"id":209611,"href":"https:\/\/diarioregionaldigital.com.br\/index.php?rest_route=\/wp\/v2\/posts\/209609\/revisions\/209611"}],"wp:featuredmedia":[{"embeddable":true,"href":"https:\/\/diarioregionaldigital.com.br\/index.php?rest_route=\/wp\/v2\/media\/209610"}],"wp:attachment":[{"href":"https:\/\/diarioregionaldigital.com.br\/index.php?rest_route=%2Fwp%2Fv2%2Fmedia&parent=209609"}],"wp:term":[{"taxonomy":"category","embeddable":true,"href":"https:\/\/diarioregionaldigital.com.br\/index.php?rest_route=%2Fwp%2Fv2%2Fcategories&post=209609"},{"taxonomy":"post_tag","embeddable":true,"href":"https:\/\/diarioregionaldigital.com.br\/index.php?rest_route=%2Fwp%2Fv2%2Ftags&post=209609"}],"curies":[{"name":"wp","href":"https:\/\/api.w.org\/{rel}","templated":true}]}}