{"id":209603,"date":"2023-01-26T18:35:09","date_gmt":"2023-01-26T21:35:09","guid":{"rendered":"https:\/\/diarioregionaldigital.com.br\/?p=209603"},"modified":"2023-01-26T18:35:09","modified_gmt":"2023-01-26T21:35:09","slug":"ymanitu-esta-na-final-de-duplas-de-cadeirantes-no-aberto-da-australia","status":"publish","type":"post","link":"https:\/\/diarioregionaldigital.com.br\/?p=209603","title":{"rendered":"Ymanitu est\u00e1 na final de duplas de cadeirantes no Aberto da Austr\u00e1lia"},"content":{"rendered":"<p>A parceira do brasileiro Ymanitu Silva com o sul-africano Donald Ramphadi est\u00e1 na final de duplas na categoria Quad (atletas de t\u00eanis em cadeira de rodas com defici\u00eancia em pelo menos um membro superior) do Aberto da Austr\u00e1lia, em Melbourne.Nesta quarta-feira (25) eles se classificaram ap\u00f3s vit\u00f3ria sobre o brit\u00e2nico Andy Lapthorne e o norte-americano\u00a0David Wagner, por 2 sets a 0 (parciais 7\/5 e 6\/3).\u00a0<img decoding=\"async\" src=\"https:\/\/agenciabrasil.ebc.com.br\/ebc.png?id=1506141&amp;o=node\" \/><img decoding=\"async\" src=\"https:\/\/agenciabrasil.ebc.com.br\/ebc.gif?id=1506141&amp;o=node\" \/><\/p>\n<p>Esta \u00e9 a terceira vez que Ymanitu avan\u00e7a a uma final de Grand Slam na carreira. O catarinense de 39 anos j\u00e1 decidiu por duas vezes o t\u00edtulo de duplas em Roland Garros (Fran\u00e7a), a \u00faltima delas no ano passado, quando foi vice-campe\u00e3o ao lado do\u00a0australiano Heath Davidson.<\/p>\n<p>Na final de duplas em Melbourne \u2013 a data ainda ser\u00e1 definida &#8211; Ymanitu e Ramphadi v\u00e3o encarar os holandeses Sam Schroder e Niels Vink. Eles avan\u00e7aram ap\u00f3s derrotarem a dupla do anfitri\u00e3o Heath Davidson com o canadense \u00a0Robert Shaw, com um duplo 6\/1.<\/p>\n<p><span style=\"font-weight: 400;\">Fonte: Ag\u00eancia Brasil\u00a0<\/span><span style=\"font-weight: 400;\"><br \/>\n<\/span><\/p>\n","protected":false},"excerpt":{"rendered":"<p>A parceira do brasileiro Ymanitu Silva com o sul-africano Donald Ramphadi est\u00e1 na final de duplas na categoria Quad (atletas de t\u00eanis em cadeira de rodas com defici\u00eancia em pelo menos um membro superior) do Aberto da Austr\u00e1lia, em Melbourne.Nesta quarta-feira (25) eles se classificaram ap\u00f3s vit\u00f3ria sobre o brit\u00e2nico Andy Lapthorne e o norte-americano\u00a0David [&hellip;]<\/p>\n","protected":false},"author":246,"featured_media":209604,"comment_status":"closed","ping_status":"closed","sticky":false,"template":"","format":"standard","meta":{"footnotes":""},"categories":[436,257,439],"tags":[],"class_list":["post-209603","post","type-post","status-publish","format-standard","has-post-thumbnail","hentry","category-destaque-da-semana","category-esporte","category-ultima-hora"],"_links":{"self":[{"href":"https:\/\/diarioregionaldigital.com.br\/index.php?rest_route=\/wp\/v2\/posts\/209603","targetHints":{"allow":["GET"]}}],"collection":[{"href":"https:\/\/diarioregionaldigital.com.br\/index.php?rest_route=\/wp\/v2\/posts"}],"about":[{"href":"https:\/\/diarioregionaldigital.com.br\/index.php?rest_route=\/wp\/v2\/types\/post"}],"author":[{"embeddable":true,"href":"https:\/\/diarioregionaldigital.com.br\/index.php?rest_route=\/wp\/v2\/users\/246"}],"replies":[{"embeddable":true,"href":"https:\/\/diarioregionaldigital.com.br\/index.php?rest_route=%2Fwp%2Fv2%2Fcomments&post=209603"}],"version-history":[{"count":1,"href":"https:\/\/diarioregionaldigital.com.br\/index.php?rest_route=\/wp\/v2\/posts\/209603\/revisions"}],"predecessor-version":[{"id":209605,"href":"https:\/\/diarioregionaldigital.com.br\/index.php?rest_route=\/wp\/v2\/posts\/209603\/revisions\/209605"}],"wp:featuredmedia":[{"embeddable":true,"href":"https:\/\/diarioregionaldigital.com.br\/index.php?rest_route=\/wp\/v2\/media\/209604"}],"wp:attachment":[{"href":"https:\/\/diarioregionaldigital.com.br\/index.php?rest_route=%2Fwp%2Fv2%2Fmedia&parent=209603"}],"wp:term":[{"taxonomy":"category","embeddable":true,"href":"https:\/\/diarioregionaldigital.com.br\/index.php?rest_route=%2Fwp%2Fv2%2Fcategories&post=209603"},{"taxonomy":"post_tag","embeddable":true,"href":"https:\/\/diarioregionaldigital.com.br\/index.php?rest_route=%2Fwp%2Fv2%2Ftags&post=209603"}],"curies":[{"name":"wp","href":"https:\/\/api.w.org\/{rel}","templated":true}]}}