{"id":209597,"date":"2023-01-26T18:31:39","date_gmt":"2023-01-26T21:31:39","guid":{"rendered":"https:\/\/diarioregionaldigital.com.br\/?p=209597"},"modified":"2023-01-26T18:31:39","modified_gmt":"2023-01-26T21:31:39","slug":"justica-stf-mantem-prisao-de-dr-jairinho","status":"publish","type":"post","link":"https:\/\/diarioregionaldigital.com.br\/?p=209597","title":{"rendered":"Justi\u00e7a STF mant\u00e9m pris\u00e3o de Dr. Jairinho"},"content":{"rendered":"<p>O ministro Gilmar Mendes, do Supremo Tribunal Federal (STF), decidiu hoje (25) manter a pris\u00e3o do ex-vereador Jairo de Souza Santos Junior, o Dr. Jairinho, preso desde 2021 pela suspeita de participa\u00e7\u00e3o na morte do menino Henry Borel.\u00a0<img decoding=\"async\" src=\"https:\/\/agenciabrasil.ebc.com.br\/ebc.png?id=1506169&amp;o=node\" \/><img decoding=\"async\" src=\"https:\/\/agenciabrasil.ebc.com.br\/ebc.gif?id=1506169&amp;o=node\" \/><\/p>\n<p>A decis\u00e3o foi motivada por um\u00a0<em>habeas corpus<\/em>\u00a0protocolado pela defesa do ex-vereador. Os advogados argumentaram que Dr. Jairinho deveria ter o mesmo benef\u00edcio concedido a Monique Medeiros, m\u00e3e do menino, que responde em liberdade ao processo por decis\u00e3o do Superior Tribunal de Justi\u00e7a (STJ).<\/p>\n<p>Ao negar o\u00a0<em>habeas corpus<\/em>, Mendes entendeu que duas situa\u00e7\u00f5es s\u00e3o juridicamente distintas.<\/p>\n<p>\u201cOs pedidos de extens\u00e3o formulados por corr\u00e9us encontram amparo no tratamento jur\u00eddico ison\u00f4mico que deve ser conferido a todos os acusados que integram a mesma rela\u00e7\u00e3o jur\u00eddico-processual\u201d, decidiu ministro.<\/p>\n<p>Mais cedo,\u00a0<a href=\"https:\/\/agenciabrasil.ebc.com.br\/geral\/noticia\/2023-01\/monique-medeiros-e-afastada-por-decreto-da-prefeitura-do-rio\" target=\"_blank\" rel=\"noopener\">Monique Medeiros foi afastada de suas fun\u00e7\u00f5es da Secretaria Municipal de Educa\u00e7\u00e3o do Rio, onde \u00e9 funcion\u00e1ria concursada<\/a>. Ap\u00f3s ganhar liberdade, Monique voltou a\u00a0trabalhar no \u00f3rg\u00e3o em uma fun\u00e7\u00e3o administrativa, no almoxarifado, com remunera\u00e7\u00e3o bruta de R$ 3,1 mil, em dezembro de 2022.<\/p>\n<h2>Outros\u00a0<em>habeas corpus<\/em>\u00a0negados<\/h2>\n<p><a href=\"https:\/\/agenciabrasil.ebc.com.br\/justica\/noticia\/2022-09\/stj-nega-novo-pedido-de-liberdade-de-dr-jairinho\" target=\"_blank\" rel=\"noopener\">Em setembro de 2022, o ex-presidente do Superior Tribunal de Justi\u00e7a (STJ), ministro Jo\u00e3o Ot\u00e1vio de Noronha negou o pedido da defesa de Jairinho<\/a>, para que ele fosse beneficiado com a extens\u00e3o da medida dada a Monique e tivesse a revoga\u00e7\u00e3o de sua pris\u00e3o preventiva.<\/p>\n<p>O pedido foi feito logo ap\u00f3s Monique Medeiros ter a pris\u00e3o revogada no dia 26 de agosto. O ministro Noronha entendeu que Monique sofreu constrangimento ao longo do processo.<\/p>\n<p><a href=\"https:\/\/agenciabrasil.ebc.com.br\/justica\/noticia\/2023-01\/justica-do-rio-nega-mais-um-pedido-de-liberdade-dr-jairinho\" target=\"_blank\" rel=\"noopener\">No dia 16 de janeiro deste ano, foi a vez da Justi\u00e7a do Rio negar mais um pedido<\/a>\u00a0de<em>\u00a0habeas corpus\u00a0<\/em>do ex-vereador.<\/p>\n<p>Jairo de Souza Santos Junior, o Dr. Jairinho, est\u00e1 preso desde o dia 8 de mar\u00e7o de 2021, acusado da morte do menino Henry Borel, \u00e0 \u00e9poca com 4 anos de idade. A m\u00e3e de Henry, Monique Medeiros de Almeida, que era companheira de Jairinho, tamb\u00e9m responde pelo crime de homic\u00eddio.<\/p>\n<p>Laudo da necr\u00f3psia do Instituto M\u00e9dico-Legal (IML) diz que o menino morreu em consequ\u00eancia de hemorragia interna por lacera\u00e7\u00e3o hep\u00e1tica por a\u00e7\u00e3o contundente, Os exames apontaram 23 les\u00f5es no corpo da crian\u00e7a.<\/p>\n<p><span style=\"font-weight: 400;\"><br \/>\n<\/span><span style=\"font-weight: 400;\">Fonte: Ag\u00eancia Brasil <\/span><\/p>\n","protected":false},"excerpt":{"rendered":"<p>O ministro Gilmar Mendes, do Supremo Tribunal Federal (STF), decidiu hoje (25) manter a pris\u00e3o do ex-vereador Jairo de Souza Santos Junior, o Dr. Jairinho, preso desde 2021 pela suspeita de participa\u00e7\u00e3o na morte do menino Henry Borel.\u00a0 A decis\u00e3o foi motivada por um\u00a0habeas corpus\u00a0protocolado pela defesa do ex-vereador. Os advogados argumentaram que Dr. Jairinho [&hellip;]<\/p>\n","protected":false},"author":246,"featured_media":209598,"comment_status":"closed","ping_status":"closed","sticky":false,"template":"","format":"standard","meta":{"footnotes":""},"categories":[436,254,439],"tags":[],"class_list":["post-209597","post","type-post","status-publish","format-standard","has-post-thumbnail","hentry","category-destaque-da-semana","category-politica","category-ultima-hora"],"_links":{"self":[{"href":"https:\/\/diarioregionaldigital.com.br\/index.php?rest_route=\/wp\/v2\/posts\/209597","targetHints":{"allow":["GET"]}}],"collection":[{"href":"https:\/\/diarioregionaldigital.com.br\/index.php?rest_route=\/wp\/v2\/posts"}],"about":[{"href":"https:\/\/diarioregionaldigital.com.br\/index.php?rest_route=\/wp\/v2\/types\/post"}],"author":[{"embeddable":true,"href":"https:\/\/diarioregionaldigital.com.br\/index.php?rest_route=\/wp\/v2\/users\/246"}],"replies":[{"embeddable":true,"href":"https:\/\/diarioregionaldigital.com.br\/index.php?rest_route=%2Fwp%2Fv2%2Fcomments&post=209597"}],"version-history":[{"count":1,"href":"https:\/\/diarioregionaldigital.com.br\/index.php?rest_route=\/wp\/v2\/posts\/209597\/revisions"}],"predecessor-version":[{"id":209599,"href":"https:\/\/diarioregionaldigital.com.br\/index.php?rest_route=\/wp\/v2\/posts\/209597\/revisions\/209599"}],"wp:featuredmedia":[{"embeddable":true,"href":"https:\/\/diarioregionaldigital.com.br\/index.php?rest_route=\/wp\/v2\/media\/209598"}],"wp:attachment":[{"href":"https:\/\/diarioregionaldigital.com.br\/index.php?rest_route=%2Fwp%2Fv2%2Fmedia&parent=209597"}],"wp:term":[{"taxonomy":"category","embeddable":true,"href":"https:\/\/diarioregionaldigital.com.br\/index.php?rest_route=%2Fwp%2Fv2%2Fcategories&post=209597"},{"taxonomy":"post_tag","embeddable":true,"href":"https:\/\/diarioregionaldigital.com.br\/index.php?rest_route=%2Fwp%2Fv2%2Ftags&post=209597"}],"curies":[{"name":"wp","href":"https:\/\/api.w.org\/{rel}","templated":true}]}}