{"id":209594,"date":"2023-01-26T18:29:55","date_gmt":"2023-01-26T21:29:55","guid":{"rendered":"https:\/\/diarioregionaldigital.com.br\/?p=209594"},"modified":"2023-01-26T18:29:55","modified_gmt":"2023-01-26T21:29:55","slug":"policia-legislativa-pede-reforco-policial-para-posse-de-senadores","status":"publish","type":"post","link":"https:\/\/diarioregionaldigital.com.br\/?p=209594","title":{"rendered":"Pol\u00edcia Legislativa pede refor\u00e7o policial para posse de senadores"},"content":{"rendered":"<p>A Pol\u00edcia Legislativa pediu refor\u00e7o de policiamento para a cerim\u00f4nia de posse dos senadores eleitos nas elei\u00e7\u00f5es de 2022 e para a sess\u00e3o de abertura dos trabalhos, que ser\u00e3o realizadas nos dias 1 e\u00a0<span id=\"OBJ_PREFIX_DWT1238_com_zimbra_date\" role=\"link\">2 de fevereiro<\/span>, respectivamente.<img decoding=\"async\" src=\"https:\/\/agenciabrasil.ebc.com.br\/ebc.png?id=1506174&amp;o=node\" \/><img decoding=\"async\" src=\"https:\/\/agenciabrasil.ebc.com.br\/ebc.gif?id=1506174&amp;o=node\" \/><\/p>\n<p>Em of\u00edcio sigiloso enviado no dia\u00a0<span id=\"OBJ_PREFIX_DWT1239_com_zimbra_date\" role=\"link\">18 de janeiro<\/span>\u00a0ao interventor nomeado pelo governo federal, Ricardo Cappelli, o diretor da secretaria da Pol\u00edcia do Senado, Alessandro Morales Martins, afirma que foram detectados riscos para a seguran\u00e7a dos eventos.<\/p>\n<p>\u201cCumpre ainda adiantar que diante da conjuntura nacional, esta Secretaria de Pol\u00edcia identificou como cen\u00e1rios de riscos a invas\u00e3o em \u00e1reas n\u00e3o autorizadas, a tomada de ref\u00e9m, a presen\u00e7a de atirador ativo, amea\u00e7a de explosivo e ainda, a sabotagem em infraestruturas cr\u00edticas\u201d, informou o diretor.<\/p>\n<p>De acordo com Martins, os riscos est\u00e3o relacionados com os atos golpistas de\u00a0<span id=\"OBJ_PREFIX_DWT1240_com_zimbra_date\" role=\"link\">8 de janeiro.\u00a0<\/span>\u201cAmbas as cerim\u00f4nias contam com proje\u00e7\u00e3o pol\u00edtica, caracter\u00edstica cuja sensibilidade foi incrementada em raz\u00e3o dos \u00faltimos acontecimentos ligados \u00e0 invas\u00e3o dos Tr\u00eas Poderes em\u00a0<span id=\"OBJ_PREFIX_DWT1241_com_zimbra_date\" role=\"link\">8 de janeiro<\/span>\u00a0\u00faltimo. Ressalte-se que eventos dessa magnitude contam com a previs\u00e3o de participa\u00e7\u00e3o de diversas autoridades, e no caso da cerim\u00f4nia de abertura dos trabalhos legislativos, h\u00e1 ainda a expectativa de comparecimento dos chefes dos Tr\u00eas Poderes da Rep\u00fablica\u201d, diz o documento.<\/p>\n<p><span id=\"OBJ_PREFIX_DWT1242_com_zimbra_date\" role=\"link\">Ontem<\/span>\u00a0(24), o ministro da Justi\u00e7a e Seguran\u00e7a P\u00fablica, Fl\u00e1vio Dino,\u00a0<a href=\"https:\/\/agenciabrasil.ebc.com.br\/geral\/noticia\/2023-01\/forca-nacional-tem-atuacao-prorrogada-na-esplanada-dos-ministerios\" target=\"_blank\" rel=\"noopener\">prorrogou a atua\u00e7\u00e3o da For\u00e7a Nacional<\/a>\u00a0na Esplanada dos Minist\u00e9rios at\u00e9\u00a0<span id=\"OBJ_PREFIX_DWT1243_com_zimbra_date\" role=\"link\">4 de fevereiro<\/span>.\u00a0A medida foi tomada para garantir a seguran\u00e7a dos eventos no Congresso e tamb\u00e9m no Supremo Tribunal Federal (STF), que far\u00e1 a primeira sess\u00e3o presencial ap\u00f3s a depreda\u00e7\u00e3o do plen\u00e1rio no dia\u00a0<span id=\"OBJ_PREFIX_DWT1244_com_zimbra_date\" role=\"link\">1 de fevereiro<\/span>.<\/p>\n<p><span style=\"font-weight: 400;\">Fonte: Ag\u00eancia Brasil <\/span><\/p>\n","protected":false},"excerpt":{"rendered":"<p>A Pol\u00edcia Legislativa pediu refor\u00e7o de policiamento para a cerim\u00f4nia de posse dos senadores eleitos nas elei\u00e7\u00f5es de 2022 e para a sess\u00e3o de abertura dos trabalhos, que ser\u00e3o realizadas nos dias 1 e\u00a02 de fevereiro, respectivamente. Em of\u00edcio sigiloso enviado no dia\u00a018 de janeiro\u00a0ao interventor nomeado pelo governo federal, Ricardo Cappelli, o diretor da [&hellip;]<\/p>\n","protected":false},"author":246,"featured_media":209595,"comment_status":"closed","ping_status":"closed","sticky":false,"template":"","format":"standard","meta":{"footnotes":""},"categories":[436,254,439],"tags":[],"class_list":["post-209594","post","type-post","status-publish","format-standard","has-post-thumbnail","hentry","category-destaque-da-semana","category-politica","category-ultima-hora"],"_links":{"self":[{"href":"https:\/\/diarioregionaldigital.com.br\/index.php?rest_route=\/wp\/v2\/posts\/209594","targetHints":{"allow":["GET"]}}],"collection":[{"href":"https:\/\/diarioregionaldigital.com.br\/index.php?rest_route=\/wp\/v2\/posts"}],"about":[{"href":"https:\/\/diarioregionaldigital.com.br\/index.php?rest_route=\/wp\/v2\/types\/post"}],"author":[{"embeddable":true,"href":"https:\/\/diarioregionaldigital.com.br\/index.php?rest_route=\/wp\/v2\/users\/246"}],"replies":[{"embeddable":true,"href":"https:\/\/diarioregionaldigital.com.br\/index.php?rest_route=%2Fwp%2Fv2%2Fcomments&post=209594"}],"version-history":[{"count":1,"href":"https:\/\/diarioregionaldigital.com.br\/index.php?rest_route=\/wp\/v2\/posts\/209594\/revisions"}],"predecessor-version":[{"id":209596,"href":"https:\/\/diarioregionaldigital.com.br\/index.php?rest_route=\/wp\/v2\/posts\/209594\/revisions\/209596"}],"wp:featuredmedia":[{"embeddable":true,"href":"https:\/\/diarioregionaldigital.com.br\/index.php?rest_route=\/wp\/v2\/media\/209595"}],"wp:attachment":[{"href":"https:\/\/diarioregionaldigital.com.br\/index.php?rest_route=%2Fwp%2Fv2%2Fmedia&parent=209594"}],"wp:term":[{"taxonomy":"category","embeddable":true,"href":"https:\/\/diarioregionaldigital.com.br\/index.php?rest_route=%2Fwp%2Fv2%2Fcategories&post=209594"},{"taxonomy":"post_tag","embeddable":true,"href":"https:\/\/diarioregionaldigital.com.br\/index.php?rest_route=%2Fwp%2Fv2%2Ftags&post=209594"}],"curies":[{"name":"wp","href":"https:\/\/api.w.org\/{rel}","templated":true}]}}