{"id":209591,"date":"2023-01-26T18:18:14","date_gmt":"2023-01-26T21:18:14","guid":{"rendered":"https:\/\/diarioregionaldigital.com.br\/?p=209591"},"modified":"2023-01-26T18:18:14","modified_gmt":"2023-01-26T21:18:14","slug":"moraes-libera-redes-sociais-do-deputado-eleito-nikolas-ferreira","status":"publish","type":"post","link":"https:\/\/diarioregionaldigital.com.br\/?p=209591","title":{"rendered":"Moraes libera redes sociais do deputado eleito Nikolas Ferreira"},"content":{"rendered":"<p>O ministro do Supremo Tribunal Federal (STF) Alexandre de Moraes determinou hoje (26) a reativa\u00e7\u00e3o das redes sociais do deputado federal eleito Nikolas Ferreira (PL-MG). Com a decis\u00e3o, as contas do pol\u00edtico no YouTube, Facebook, Telegram, TikTok e Twitter ser\u00e3o liberadas.<img decoding=\"async\" src=\"https:\/\/agenciabrasil.ebc.com.br\/ebc.png?id=1506277&amp;o=node\" \/><img decoding=\"async\" src=\"https:\/\/agenciabrasil.ebc.com.br\/ebc.gif?id=1506277&amp;o=node\" \/><\/p>\n<p>Na decis\u00e3o, Moraes determinou que o deputado eleito se abstenha da \u201cpublica\u00e7\u00e3o, promo\u00e7\u00e3o, replica\u00e7\u00e3o e compartilhamento das not\u00edcias fraudulentas\u201d. No caso de descumprimento, pagar\u00e1 multa de R$ 10 mil, valor que ser\u00e1 descontado do sal\u00e1rio de deputado.<\/p>\n<p>A decis\u00e3o de Moraes se tornou p\u00fablica ap\u00f3s a repercuss\u00e3o da multa de R$ 1,2 milh\u00e3o contra o Telegram por descumprimento da determina\u00e7\u00e3o de bloqueio da conta do parlamentar eleito.<\/p>\n<p>Em entrevista publicada hoje pelo jornal\u00a0<em>O Estado de S. Paulo<\/em>, Nikolas Ferreira classificou a decis\u00e3o com \u201ccensura\u201d e diz que \u201cficou proibido falar no Brasil\u201d.<\/p>\n<p><span style=\"font-weight: 400;\">Fonte: Ag\u00eancia Brasil <\/span><\/p>\n","protected":false},"excerpt":{"rendered":"<p>O ministro do Supremo Tribunal Federal (STF) Alexandre de Moraes determinou hoje (26) a reativa\u00e7\u00e3o das redes sociais do deputado federal eleito Nikolas Ferreira (PL-MG). Com a decis\u00e3o, as contas do pol\u00edtico no YouTube, Facebook, Telegram, TikTok e Twitter ser\u00e3o liberadas. Na decis\u00e3o, Moraes determinou que o deputado eleito se abstenha da \u201cpublica\u00e7\u00e3o, promo\u00e7\u00e3o, replica\u00e7\u00e3o [&hellip;]<\/p>\n","protected":false},"author":246,"featured_media":209592,"comment_status":"closed","ping_status":"closed","sticky":false,"template":"","format":"standard","meta":{"footnotes":""},"categories":[436,254,439],"tags":[],"class_list":["post-209591","post","type-post","status-publish","format-standard","has-post-thumbnail","hentry","category-destaque-da-semana","category-politica","category-ultima-hora"],"_links":{"self":[{"href":"https:\/\/diarioregionaldigital.com.br\/index.php?rest_route=\/wp\/v2\/posts\/209591","targetHints":{"allow":["GET"]}}],"collection":[{"href":"https:\/\/diarioregionaldigital.com.br\/index.php?rest_route=\/wp\/v2\/posts"}],"about":[{"href":"https:\/\/diarioregionaldigital.com.br\/index.php?rest_route=\/wp\/v2\/types\/post"}],"author":[{"embeddable":true,"href":"https:\/\/diarioregionaldigital.com.br\/index.php?rest_route=\/wp\/v2\/users\/246"}],"replies":[{"embeddable":true,"href":"https:\/\/diarioregionaldigital.com.br\/index.php?rest_route=%2Fwp%2Fv2%2Fcomments&post=209591"}],"version-history":[{"count":1,"href":"https:\/\/diarioregionaldigital.com.br\/index.php?rest_route=\/wp\/v2\/posts\/209591\/revisions"}],"predecessor-version":[{"id":209593,"href":"https:\/\/diarioregionaldigital.com.br\/index.php?rest_route=\/wp\/v2\/posts\/209591\/revisions\/209593"}],"wp:featuredmedia":[{"embeddable":true,"href":"https:\/\/diarioregionaldigital.com.br\/index.php?rest_route=\/wp\/v2\/media\/209592"}],"wp:attachment":[{"href":"https:\/\/diarioregionaldigital.com.br\/index.php?rest_route=%2Fwp%2Fv2%2Fmedia&parent=209591"}],"wp:term":[{"taxonomy":"category","embeddable":true,"href":"https:\/\/diarioregionaldigital.com.br\/index.php?rest_route=%2Fwp%2Fv2%2Fcategories&post=209591"},{"taxonomy":"post_tag","embeddable":true,"href":"https:\/\/diarioregionaldigital.com.br\/index.php?rest_route=%2Fwp%2Fv2%2Ftags&post=209591"}],"curies":[{"name":"wp","href":"https:\/\/api.w.org\/{rel}","templated":true}]}}