{"id":209579,"date":"2023-01-26T18:06:30","date_gmt":"2023-01-26T21:06:30","guid":{"rendered":"https:\/\/diarioregionaldigital.com.br\/?p=209579"},"modified":"2023-01-26T18:06:30","modified_gmt":"2023-01-26T21:06:30","slug":"divida-publica-pode-alcancar-ate-r-68-trilhoes-em-2023","status":"publish","type":"post","link":"https:\/\/diarioregionaldigital.com.br\/?p=209579","title":{"rendered":"D\u00edvida p\u00fablica pode alcan\u00e7ar at\u00e9 R$ 6,8 trilh\u00f5es em 2023"},"content":{"rendered":"<p>Depois de encerrar 2022 levemente abaixo de R$ 6 trilh\u00f5es e em n\u00edvel recorde, a D\u00edvida P\u00fablica Federal (DPF) dever\u00e1 chegar ao fim deste ano entre R$ 6,4 trilh\u00f5es e R$ 6,8 trilh\u00f5es. Os n\u00fameros foram divulgados hoje (26) pelo Tesouro Nacional, que apresentou o Plano Anual de Financiamento (PAF) da d\u00edvida p\u00fablica para 2023.<img decoding=\"async\" src=\"https:\/\/agenciabrasil.ebc.com.br\/ebc.png?id=1506258&amp;o=node\" \/><img decoding=\"async\" src=\"https:\/\/agenciabrasil.ebc.com.br\/ebc.gif?id=1506258&amp;o=node\" \/><\/p>\n<p>O plano, que apresenta metas para a d\u00edvida p\u00fablica para este ano, n\u00e3o traz grandes mudan\u00e7as em rela\u00e7\u00e3o a 2022. Assim como no ano passado, o governo criou um espa\u00e7o para diminuir a fatia de t\u00edtulos prefixados (com taxas de juros fixas e definidas antecipadamente) e aumentar a participa\u00e7\u00e3o dos pap\u00e9is corrigidos pela taxa Selic (juros b\u00e1sicos da economia). Isso ajudaria a atrair os investidores aos t\u00edtulos vinculados \u00e0 Selic, que est\u00e3o no maior n\u00edvel da hist\u00f3ria.<\/p>\n<p>Segundo o documento, a parcela da DPF vinculada \u00e0 Selic dever\u00e1 encerrar o ano numa faixa entre 38% e 42%, no mesmo intervalo de 2022. Atualmente, est\u00e1 em 38,3%. A fatia dos t\u00edtulos prefixados dever\u00e1 encerrar o ano entre 23% e 27%, devendo cair em rela\u00e7\u00e3o aos 27% registrados atualmente.<\/p>\n<p>A propor\u00e7\u00e3o da d\u00edvida p\u00fablica corrigida por \u00edndices de pre\u00e7os dever\u00e1 ficar entre 29% e 33%. Hoje est\u00e1 em 30,3%. J\u00e1 a participa\u00e7\u00e3o da d\u00edvida corrigida pelo c\u00e2mbio, considerando a d\u00edvida p\u00fablica externa, dever\u00e1 encerrar o ano entre 3% e 7%. O percentual atual est\u00e1 em 4,4%. Os n\u00fameros n\u00e3o levam em conta as opera\u00e7\u00f5es de compra e venda de d\u00f3lares no mercado futuro pelo Banco Central, que interferem no resultado.<\/p>\n<p>No ano passado, o PAF inicialmente previa que a D\u00edvida P\u00fablica Federal poderia encerrar 2022 entre R$ 6 trilh\u00f5es e R$ 6,4 trilh\u00f5es.<\/p>\n<h2>Composi\u00e7\u00e3o<\/h2>\n<p>Em 2022, a DPF teve aumento de t\u00edtulos corrigidos pela Selic, que subiram de 36,8% em dezembro de 2021 para 38,3% no m\u00eas passado, dentro da banda de 38% a 42% em vigor para o \u00faltimo ano. Segundo o Tesouro, isso se deveu \u00e0 alta da taxa Selic (juros b\u00e1sicos da economia), que atraiu de volta os investidores desses pap\u00e9is.<\/p>\n<p>A participa\u00e7\u00e3o de pap\u00e9is prefixados (com juros definidos no momento da emiss\u00e3o) caiu de 28,9% em 2021 para 27% em 2022. O percentual ficou pr\u00f3ximo do limite m\u00e1ximo estabelecido pelo PAF de 2022, que estimava que a participa\u00e7\u00e3o encerraria o ano entre 24% e 28%. Com o aumento da Selic, os investidores fugiram dos t\u00edtulos prefixados, mais sujeito \u00e0s oscila\u00e7\u00f5es de mercado e que pode trazer preju\u00edzo se resgatado antes do prazo.<\/p>\n<p>A fatia de t\u00edtulos corrigidos pela infla\u00e7\u00e3o subiu de 29,3% para 30,3%, dentro do intervalo estabelecido entre 27% e 31%. A d\u00edvida corrigida pelo c\u00e2mbio, considerando a d\u00edvida p\u00fablica externa, fechou 2021 em 4,4%, tamb\u00e9m dentro da margem de 3% a 7% estimada no PAF.<\/p>\n<p>Os t\u00edtulos corrigidos por taxas flutuantes aumentam o risco da d\u00edvida p\u00fablica, porque a Selic pressiona mais o endividamento do governo quando os juros b\u00e1sicos da economia sobem. Quando o Banco Central reajusta os juros b\u00e1sicos, a parte da d\u00edvida interna corrigida pela Selic aumenta imediatamente.<\/p>\n<p>Em tese, os pap\u00e9is prefixados trazem mais previsibilidade. Isso porque os juros desses t\u00edtulos s\u00e3o definidos no momento da emiss\u00e3o e n\u00e3o varia ao longo do tempo. Dessa forma, o Tesouro sabe exatamente quanto pagar\u00e1 de juros daqui a v\u00e1rios anos, quando os pap\u00e9is vencerem e os investidores tiverem de ser reembolsados. No entanto, os t\u00edtulos prefixados t\u00eam taxas mais altas que a da Selic e aumentam o custo da d\u00edvida p\u00fablica em momentos de instabilidade econ\u00f4mica.<\/p>\n<h2>Prazo<\/h2>\n<p>O Plano Anual de Financiamento tamb\u00e9m abriu uma margem para aumentar o prazo da DPF, num ano p\u00f3s-eleitoral. No fim de 2022, o prazo m\u00e9dio ficou em 3,9 anos. O PAF estipulou que ficar\u00e1 entre 3,8 e 4,2 anos no fim de dezembro. O Tesouro divulga as estimativas em anos, n\u00e3o em meses. J\u00e1 a parcela da d\u00edvida que vence nos pr\u00f3ximos 12 meses encerrar\u00e1 2023 entre 19% e 23%. Atualmente, est\u00e1 em 22,1%.<\/p>\n<p>Segundo o Tesouro, o governo tem dois mecanismos de seguran\u00e7a para garantir a capacidade de financiamento em caso de crise econ\u00f4mica que n\u00e3o permita ao Tesouro lan\u00e7ar t\u00edtulos no mercado. Em primeiro lugar, o governo tem reservas internacionais suficientes para pagar os vencimentos da d\u00edvida p\u00fablica externa em 2023, que totalizam R$ 25,4 bilh\u00f5es. Al\u00e9m disso, o governo tem um colch\u00e3o de R$ 1,176 trilh\u00e3o para cobrir 8,4 meses dos vencimentos da d\u00edvida p\u00fablica interna.<\/p>\n<p>Por meio da d\u00edvida p\u00fablica, o Tesouro Nacional emite t\u00edtulos e pega dinheiro emprestado dos investidores para honrar compromissos. Em troca, o governo compromete-se a devolver os recursos com alguma corre\u00e7\u00e3o, que pode seguir a taxa Selic, a infla\u00e7\u00e3o, o c\u00e2mbio ou ser prefixada, definida com anteced\u00eancia.<\/p>\n<p><span style=\"font-weight: 400;\">Fonte: Ag\u00eancia Brasil <\/span><\/p>\n","protected":false},"excerpt":{"rendered":"<p>Depois de encerrar 2022 levemente abaixo de R$ 6 trilh\u00f5es e em n\u00edvel recorde, a D\u00edvida P\u00fablica Federal (DPF) dever\u00e1 chegar ao fim deste ano entre R$ 6,4 trilh\u00f5es e R$ 6,8 trilh\u00f5es. Os n\u00fameros foram divulgados hoje (26) pelo Tesouro Nacional, que apresentou o Plano Anual de Financiamento (PAF) da d\u00edvida p\u00fablica para 2023. [&hellip;]<\/p>\n","protected":false},"author":246,"featured_media":209580,"comment_status":"closed","ping_status":"closed","sticky":false,"template":"","format":"standard","meta":{"footnotes":""},"categories":[436,261,439],"tags":[],"class_list":["post-209579","post","type-post","status-publish","format-standard","has-post-thumbnail","hentry","category-destaque-da-semana","category-economia","category-ultima-hora"],"_links":{"self":[{"href":"https:\/\/diarioregionaldigital.com.br\/index.php?rest_route=\/wp\/v2\/posts\/209579","targetHints":{"allow":["GET"]}}],"collection":[{"href":"https:\/\/diarioregionaldigital.com.br\/index.php?rest_route=\/wp\/v2\/posts"}],"about":[{"href":"https:\/\/diarioregionaldigital.com.br\/index.php?rest_route=\/wp\/v2\/types\/post"}],"author":[{"embeddable":true,"href":"https:\/\/diarioregionaldigital.com.br\/index.php?rest_route=\/wp\/v2\/users\/246"}],"replies":[{"embeddable":true,"href":"https:\/\/diarioregionaldigital.com.br\/index.php?rest_route=%2Fwp%2Fv2%2Fcomments&post=209579"}],"version-history":[{"count":1,"href":"https:\/\/diarioregionaldigital.com.br\/index.php?rest_route=\/wp\/v2\/posts\/209579\/revisions"}],"predecessor-version":[{"id":209581,"href":"https:\/\/diarioregionaldigital.com.br\/index.php?rest_route=\/wp\/v2\/posts\/209579\/revisions\/209581"}],"wp:featuredmedia":[{"embeddable":true,"href":"https:\/\/diarioregionaldigital.com.br\/index.php?rest_route=\/wp\/v2\/media\/209580"}],"wp:attachment":[{"href":"https:\/\/diarioregionaldigital.com.br\/index.php?rest_route=%2Fwp%2Fv2%2Fmedia&parent=209579"}],"wp:term":[{"taxonomy":"category","embeddable":true,"href":"https:\/\/diarioregionaldigital.com.br\/index.php?rest_route=%2Fwp%2Fv2%2Fcategories&post=209579"},{"taxonomy":"post_tag","embeddable":true,"href":"https:\/\/diarioregionaldigital.com.br\/index.php?rest_route=%2Fwp%2Fv2%2Ftags&post=209579"}],"curies":[{"name":"wp","href":"https:\/\/api.w.org\/{rel}","templated":true}]}}