{"id":209573,"date":"2023-01-26T18:01:04","date_gmt":"2023-01-26T21:01:04","guid":{"rendered":"https:\/\/diarioregionaldigital.com.br\/?p=209573"},"modified":"2023-01-26T18:01:04","modified_gmt":"2023-01-26T21:01:04","slug":"jean-paul-prates-assume-presidencia-interina-da-petrobras","status":"publish","type":"post","link":"https:\/\/diarioregionaldigital.com.br\/?p=209573","title":{"rendered":"Jean Paul Prates assume presid\u00eancia interina da Petrobras"},"content":{"rendered":"<p>O Conselho de Administra\u00e7\u00e3o da Petrobras aprovou hoje (26), por unanimidade, o nome de Jean Paul Prates como conselheiro da empresa at\u00e9 a pr\u00f3xima assembleia geral de acionistas e o elegeu presidente da companhia, com mandato at\u00e9 13 de abril deste ano, mesmo prazo dos demais integrantes da diretoria executiva.<img decoding=\"async\" src=\"https:\/\/agenciabrasil.ebc.com.br\/ebc.png?id=1506249&amp;o=node\" \/><img decoding=\"async\" src=\"https:\/\/agenciabrasil.ebc.com.br\/ebc.gif?id=1506249&amp;o=node\" \/><\/p>\n<p>Prates, que assume a presid\u00eancia interina da Petrobras devido \u00e0 ren\u00fancia de seu antecessor, Caio Paes de Andrade, indicado por Jair Bolsonaro, foi indicado para o cargo pelo presidente Luiz In\u00e1cio Lula da Silva e tomou posse como presidente e conselheiro de Administra\u00e7\u00e3o nesta quinta-feira. Ele dever\u00e1 ser efetivado no cargo pela assembleia geral de acionistas que se reunir\u00e1 at\u00e9 o m\u00eas de abril, aprovando tamb\u00e9m a elei\u00e7\u00e3o dos conselheiros.<\/p>\n<p>Segundo a assessoria de imprensa da Petrobras, os diretores da empresa foram eleitos pelo Conselho de Administra\u00e7\u00e3o em abril de 2021, para um per\u00edodo de dois anos. Toda a diretoria, incluindo o presidente, termina o mandato na mesma data, o que explica porque o mandato de Prates tamb\u00e9m se encerrar\u00e1 em abril, quando ele dever\u00e1 ser efetivado na presid\u00eancia da empresa pela assembleia de acionistas. Cabe ao Conselho de Administra\u00e7\u00e3o aprovar a elei\u00e7\u00e3o e a renova\u00e7\u00e3o da diretoria.<\/p>\n<h2>Forma\u00e7\u00e3o<\/h2>\n<p>Jean Paul Terra Prates tem 54 anos, \u00e9 advogado, formado pela Universidade do Estado do Rio de Janeiro, mestre em economia e gest\u00e3o de petr\u00f3leo, g\u00e1s e motores pelo Instituto Franc\u00eas do Petr\u00f3leo e mestre em pol\u00edtica energ\u00e9tica e gest\u00e3o ambiental pela Universidade da Pensilv\u00e2nia.<\/p>\n<p>Foi membro da assessoria jur\u00eddica da Petrobras Internacional S.A. (Braspetro), editor da revista\u00a0<em>Oil &amp; Gas Journal Latinoamericana<\/em>\u00a0e diretor executivo da Expetro Consultoria em Recursos Naturais Ltda., maior consultoria de petr\u00f3leo nacional durante os anos 1990 e 2000, quando coordenou projetos de diversas empresas p\u00fablicas e privadas, nacionais e internacionais, entidades sindicais e setoriais, e assessorou governos, ag\u00eancias reguladoras e parlamentares em todas as \u00e1reas do setor energ\u00e9tico.<\/p>\n<p>Como secret\u00e1rio de Energia do Rio Grande do Norte, Prates levou o estado \u00e0 autossufici\u00eancia energ\u00e9tica e \u00e0 lideran\u00e7a nacional em gera\u00e7\u00e3o e\u00f3lica, al\u00e9m de ter consolidado uma refinaria e usinas termel\u00e9tricas a g\u00e1s e biomassa naquele estado e constru\u00eddo bases para os projetos de energia solar e e\u00f3lica\u00a0<em>offshore<\/em>\u00a0(no mar).<\/p>\n<h2>Marcos legais<\/h2>\n<p>Prates foi pelo Rio Grande do Norte; presidente da Frente Parlamentar de Recursos Naturais e Energia e do Grupo Parlamentar Brasil-Pa\u00edses \u00c1rabes. \u00c9 autor de importantes marcos legais envolvendo a transi\u00e7\u00e3o energ\u00e9tica e pr\u00e1ticas sustent\u00e1veis, entre as quais a lei que regulamenta as atividades de captura e armazenamento de carbono e a lei da energia offshore e foi relator do Marco Legal das Ferrovias, das novas leis sobre a produ\u00e7\u00e3o de biog\u00e1s em aterros sanit\u00e1rios e da nova lei de mobilidade urbana sustent\u00e1vel.<\/p>\n<p>Recentemente, Prates foi reconhecido como um dos tr\u00eas mais influentes nomes no setor de energia renov\u00e1vel no Brasil e uma das 50 personalidades mais importantes do setor energ\u00e9tico mundial, pelas duas principais revistas internacionais especializadas em energia, a europeia\u00a0<em>Recharge\u00a0<\/em>e a norte-americana<em>\u00a0Windpower<\/em>. Tamb\u00e9m foi eleito um dos 25 mais influentes nomes da ind\u00fastria e\u00f3lica mundial pela revista\u00a0<em>Windpower<\/em>.<\/p>\n<p><span style=\"font-weight: 400;\">Fonte: Ag\u00eancia Brasil <\/span><\/p>\n","protected":false},"excerpt":{"rendered":"<p>O Conselho de Administra\u00e7\u00e3o da Petrobras aprovou hoje (26), por unanimidade, o nome de Jean Paul Prates como conselheiro da empresa at\u00e9 a pr\u00f3xima assembleia geral de acionistas e o elegeu presidente da companhia, com mandato at\u00e9 13 de abril deste ano, mesmo prazo dos demais integrantes da diretoria executiva. Prates, que assume a presid\u00eancia [&hellip;]<\/p>\n","protected":false},"author":246,"featured_media":209574,"comment_status":"closed","ping_status":"closed","sticky":false,"template":"","format":"standard","meta":{"footnotes":""},"categories":[436,261,439],"tags":[],"class_list":["post-209573","post","type-post","status-publish","format-standard","has-post-thumbnail","hentry","category-destaque-da-semana","category-economia","category-ultima-hora"],"_links":{"self":[{"href":"https:\/\/diarioregionaldigital.com.br\/index.php?rest_route=\/wp\/v2\/posts\/209573","targetHints":{"allow":["GET"]}}],"collection":[{"href":"https:\/\/diarioregionaldigital.com.br\/index.php?rest_route=\/wp\/v2\/posts"}],"about":[{"href":"https:\/\/diarioregionaldigital.com.br\/index.php?rest_route=\/wp\/v2\/types\/post"}],"author":[{"embeddable":true,"href":"https:\/\/diarioregionaldigital.com.br\/index.php?rest_route=\/wp\/v2\/users\/246"}],"replies":[{"embeddable":true,"href":"https:\/\/diarioregionaldigital.com.br\/index.php?rest_route=%2Fwp%2Fv2%2Fcomments&post=209573"}],"version-history":[{"count":1,"href":"https:\/\/diarioregionaldigital.com.br\/index.php?rest_route=\/wp\/v2\/posts\/209573\/revisions"}],"predecessor-version":[{"id":209575,"href":"https:\/\/diarioregionaldigital.com.br\/index.php?rest_route=\/wp\/v2\/posts\/209573\/revisions\/209575"}],"wp:featuredmedia":[{"embeddable":true,"href":"https:\/\/diarioregionaldigital.com.br\/index.php?rest_route=\/wp\/v2\/media\/209574"}],"wp:attachment":[{"href":"https:\/\/diarioregionaldigital.com.br\/index.php?rest_route=%2Fwp%2Fv2%2Fmedia&parent=209573"}],"wp:term":[{"taxonomy":"category","embeddable":true,"href":"https:\/\/diarioregionaldigital.com.br\/index.php?rest_route=%2Fwp%2Fv2%2Fcategories&post=209573"},{"taxonomy":"post_tag","embeddable":true,"href":"https:\/\/diarioregionaldigital.com.br\/index.php?rest_route=%2Fwp%2Fv2%2Ftags&post=209573"}],"curies":[{"name":"wp","href":"https:\/\/api.w.org\/{rel}","templated":true}]}}