{"id":209551,"date":"2023-01-25T18:45:18","date_gmt":"2023-01-25T21:45:18","guid":{"rendered":"https:\/\/diarioregionaldigital.com.br\/?p=209551"},"modified":"2023-01-25T18:45:18","modified_gmt":"2023-01-25T21:45:18","slug":"stefani-e-matos-ganham-de-virada-e-vao-a-final-do-aberto-da-australia","status":"publish","type":"post","link":"https:\/\/diarioregionaldigital.com.br\/?p=209551","title":{"rendered":"Stefani e Matos ganham de virada e v\u00e3o \u00e0 final do Aberto da Austr\u00e1lia"},"content":{"rendered":"<p>Ap\u00f3s 40 anos, uma dupla mista de brasileiros voltar\u00e1 a disputar um t\u00edtulo em um Grand Slam no pr\u00f3ximo s\u00e1bado (28), \u00e0s 5h30 (hor\u00e1rio de Bras\u00edlia). Os autores da fa\u00e7anha s\u00e3o a campinense Luisa Stefani e o ga\u00facho Rafael Matos, que se classificaram nesta quarta-feira (25) \u00e0 final do Aberto da Austr\u00e1lia, em Melborune. A parceria se superou para vencer de virada os anfitri\u00f5es Marc Polmans e Olivia\u00a0Gadecki por 2 sets a 1 (parciais de 4\/6 6\/4 11\/9). A vaga foi definida depois que os brasileiros, perdendo por 9 a 8 no\u00a0<em>tie-break<\/em>, conseguiram salvar um\u00a0<em>match-point<\/em>. Na sequ\u00eancia, desferiu uma devolu\u00e7\u00e3o irretoc\u00e1vel e definiu o jogo.<img decoding=\"async\" src=\"https:\/\/agenciabrasil.ebc.com.br\/ebc.png?id=1506021&amp;o=node\" \/><img decoding=\"async\" src=\"https:\/\/agenciabrasil.ebc.com.br\/ebc.gif?id=1506021&amp;o=node\" \/><\/p>\n<blockquote><p>&#8220;Jogo duro, com bastante emo\u00e7\u00e3o. Tivemos que lutar em cada ponto, tentar achar o caminho. Muito feliz em passar para final, atmosfera incr\u00edvel jogar na sess\u00e3o noturna na quadra central Rod Laver. \u00c9 muito especial. Agora vamos com tudo para a pr\u00f3xima&#8221;,\u00a0destacou Stefani, de 25 anos.<\/p><\/blockquote>\n<p>A \u00faltima vez que um dupla mista totalmente brasileira avan\u00e7ou \u00e0 final foi 1982, em Roland Garros (Fran\u00e7a), com C\u00e1ssio Mota e Cl\u00e1udia Moreno, que foram vice-campe\u00f5es. \u00a0Em 2016, o pa\u00eds levantou a ta\u00e7a de duplas mistas no Aberto da Austr\u00e1lia com a parceria do mineiro Bruno Soares com a russa Elena Vesnina.<\/p>\n<p>Stefani e Matos est\u00e3o invictos em Melbourne. Eles decidir\u00e3o\u00a0 no s\u00e1bado (28) o t\u00edtulo in\u00e9dito para o pa\u00eds contra os indianos Sania Mirza e Rohan Bopanna. \u00a0Os advers\u00e1rios avan\u00e7aram \u00e0 final ap\u00f3s derrotarem a norte-americana Desirae Krawczyk e o brit\u00e2nico Neal Skupski por 7\/6 (7-5), 6\/7 (5-7) e 10-6.<\/p>\n<p>Medalhista ol\u00edmpica nos Jogos de T\u00f3quio, Stefani vem embalada ap\u00f3s faturar no \u00faltimo dia 13 o t\u00edtulo de duplas do WTA\u00a0 500 de Adelaide, \u00faltimo torneio antes do Grand Slam australiano. Atual n\u00famero 34 do mundo, a campinense j\u00e1 figurou no top 10 do raniking de duplas da WTA. Desde que retornou \u00e0s quadras em setembro passado \u2013 ap\u00f3s um ano em recupera\u00e7\u00e3o de uma cirurgia no joelho direito \u2013 a tenista venceu quatro dos sete torneios que disputou. No ano passado Stefani amealhou os t\u00edtulos do WTA 250 de Chennai (\u00cdndia), WTA 1000 de Guadalajara (M\u00e9xico) e WTA 125 de Montevid\u00e9u (Uruguai). A brasileira tamb\u00e9m disputaria o torneio de duplas femininas em Melbourne, ao lado de Caty McNally (Estados Unidos). No entanto, McNally desistiu da competi\u00e7\u00e3o, poucos minutos antes da estreia, em raz\u00e3o de uma les\u00e3o.<\/p>\n<p>Stefani e Matos Rafael\u00a0 (29\u00ba no masculino de duplas da ATP) iniciaram a parceria este ano, para defender o pa\u00eds no United Cup &#8211; competi\u00e7\u00e3o por equipes, em Brisbane (Austr\u00e1lia) \u2013 e somaram duas vitorias. O ga\u00facho\u00a0chegou a disputar a primeira rodada das duplas masculinas no Grand Slam australiano ao lado do espanhol David Vega Hern\u00e1ndez, mas foi eliminado ao perder a estreia para o monegasco Hugo Nys e o polon\u00eas Jan Zielinski.<\/p>\n<p><span style=\"font-weight: 400;\">Fonte:\u00a0 Ag\u00eancia Brasil\u00a0<\/span><span style=\"font-weight: 400;\"><br \/>\n<\/span><\/p>\n","protected":false},"excerpt":{"rendered":"<p>Ap\u00f3s 40 anos, uma dupla mista de brasileiros voltar\u00e1 a disputar um t\u00edtulo em um Grand Slam no pr\u00f3ximo s\u00e1bado (28), \u00e0s 5h30 (hor\u00e1rio de Bras\u00edlia). Os autores da fa\u00e7anha s\u00e3o a campinense Luisa Stefani e o ga\u00facho Rafael Matos, que se classificaram nesta quarta-feira (25) \u00e0 final do Aberto da Austr\u00e1lia, em Melborune. A [&hellip;]<\/p>\n","protected":false},"author":246,"featured_media":209552,"comment_status":"closed","ping_status":"closed","sticky":false,"template":"","format":"standard","meta":{"footnotes":""},"categories":[436,257,439],"tags":[],"class_list":["post-209551","post","type-post","status-publish","format-standard","has-post-thumbnail","hentry","category-destaque-da-semana","category-esporte","category-ultima-hora"],"_links":{"self":[{"href":"https:\/\/diarioregionaldigital.com.br\/index.php?rest_route=\/wp\/v2\/posts\/209551","targetHints":{"allow":["GET"]}}],"collection":[{"href":"https:\/\/diarioregionaldigital.com.br\/index.php?rest_route=\/wp\/v2\/posts"}],"about":[{"href":"https:\/\/diarioregionaldigital.com.br\/index.php?rest_route=\/wp\/v2\/types\/post"}],"author":[{"embeddable":true,"href":"https:\/\/diarioregionaldigital.com.br\/index.php?rest_route=\/wp\/v2\/users\/246"}],"replies":[{"embeddable":true,"href":"https:\/\/diarioregionaldigital.com.br\/index.php?rest_route=%2Fwp%2Fv2%2Fcomments&post=209551"}],"version-history":[{"count":1,"href":"https:\/\/diarioregionaldigital.com.br\/index.php?rest_route=\/wp\/v2\/posts\/209551\/revisions"}],"predecessor-version":[{"id":209553,"href":"https:\/\/diarioregionaldigital.com.br\/index.php?rest_route=\/wp\/v2\/posts\/209551\/revisions\/209553"}],"wp:featuredmedia":[{"embeddable":true,"href":"https:\/\/diarioregionaldigital.com.br\/index.php?rest_route=\/wp\/v2\/media\/209552"}],"wp:attachment":[{"href":"https:\/\/diarioregionaldigital.com.br\/index.php?rest_route=%2Fwp%2Fv2%2Fmedia&parent=209551"}],"wp:term":[{"taxonomy":"category","embeddable":true,"href":"https:\/\/diarioregionaldigital.com.br\/index.php?rest_route=%2Fwp%2Fv2%2Fcategories&post=209551"},{"taxonomy":"post_tag","embeddable":true,"href":"https:\/\/diarioregionaldigital.com.br\/index.php?rest_route=%2Fwp%2Fv2%2Ftags&post=209551"}],"curies":[{"name":"wp","href":"https:\/\/api.w.org\/{rel}","templated":true}]}}