{"id":209469,"date":"2023-01-24T22:55:43","date_gmt":"2023-01-25T01:55:43","guid":{"rendered":"https:\/\/diarioregionaldigital.com.br\/?p=209469"},"modified":"2023-01-24T22:55:43","modified_gmt":"2023-01-25T01:55:43","slug":"moraes-mantem-prisao-de-roberto-jefferson","status":"publish","type":"post","link":"https:\/\/diarioregionaldigital.com.br\/?p=209469","title":{"rendered":"Moraes mant\u00e9m pris\u00e3o de Roberto Jefferson"},"content":{"rendered":"<p>O ministro Alexandre de Moraes, do Supremo Tribunal Federal (STF), decidiu hoje (24) manter a pris\u00e3o preventiva (por tempo indeterminado) do ex-deputado federal Roberto Jefferson.<img decoding=\"async\" src=\"https:\/\/agenciabrasil.ebc.com.br\/ebc.png?id=1505877&amp;o=node\" \/><img decoding=\"async\" src=\"https:\/\/agenciabrasil.ebc.com.br\/ebc.gif?id=1505877&amp;o=node\" \/><\/p>\n<p>Jefferson foi preso em outubro do ano passado ap\u00f3s oferecer resist\u00eancia armada ao cumprimento do mandado de pris\u00e3o decretado por Moraes. O mandado foi expedido depois que o ex-parlamentar publicou um v\u00eddeo na internet no qual ofendeu a ministra C\u00e1rmen L\u00facia com palavras de baixo cal\u00e3o.<\/p>\n<p>Na ocasi\u00e3o, o ex-deputado deu tiros de fuzil e lan\u00e7ou granadas contra os policiais que foram ao local. Em fun\u00e7\u00e3o do epis\u00f3dio, ele foi indiciado pela Pol\u00edcia Federal por quatro tentativas de homic\u00eddio.<\/p>\n<p>Ap\u00f3s a pris\u00e3o, a defesa alegou problemas de sa\u00fade e tentou transferir Jefferson do pres\u00eddio de Bang\u00fa 8, no Rio de Janeiro, para um hospital, mas o pedido tamb\u00e9m foi rejeitado.<\/p>\n<p><span style=\"font-weight: 400;\"><br \/>\n<\/span><span style=\"font-weight: 400;\">Fonte: Ag\u00eancia Brasil<\/span><\/p>\n","protected":false},"excerpt":{"rendered":"<p>O ministro Alexandre de Moraes, do Supremo Tribunal Federal (STF), decidiu hoje (24) manter a pris\u00e3o preventiva (por tempo indeterminado) do ex-deputado federal Roberto Jefferson. Jefferson foi preso em outubro do ano passado ap\u00f3s oferecer resist\u00eancia armada ao cumprimento do mandado de pris\u00e3o decretado por Moraes. O mandado foi expedido depois que o ex-parlamentar publicou [&hellip;]<\/p>\n","protected":false},"author":246,"featured_media":209470,"comment_status":"closed","ping_status":"closed","sticky":false,"template":"","format":"standard","meta":{"footnotes":""},"categories":[436,254,439],"tags":[],"class_list":["post-209469","post","type-post","status-publish","format-standard","has-post-thumbnail","hentry","category-destaque-da-semana","category-politica","category-ultima-hora"],"_links":{"self":[{"href":"https:\/\/diarioregionaldigital.com.br\/index.php?rest_route=\/wp\/v2\/posts\/209469","targetHints":{"allow":["GET"]}}],"collection":[{"href":"https:\/\/diarioregionaldigital.com.br\/index.php?rest_route=\/wp\/v2\/posts"}],"about":[{"href":"https:\/\/diarioregionaldigital.com.br\/index.php?rest_route=\/wp\/v2\/types\/post"}],"author":[{"embeddable":true,"href":"https:\/\/diarioregionaldigital.com.br\/index.php?rest_route=\/wp\/v2\/users\/246"}],"replies":[{"embeddable":true,"href":"https:\/\/diarioregionaldigital.com.br\/index.php?rest_route=%2Fwp%2Fv2%2Fcomments&post=209469"}],"version-history":[{"count":1,"href":"https:\/\/diarioregionaldigital.com.br\/index.php?rest_route=\/wp\/v2\/posts\/209469\/revisions"}],"predecessor-version":[{"id":209471,"href":"https:\/\/diarioregionaldigital.com.br\/index.php?rest_route=\/wp\/v2\/posts\/209469\/revisions\/209471"}],"wp:featuredmedia":[{"embeddable":true,"href":"https:\/\/diarioregionaldigital.com.br\/index.php?rest_route=\/wp\/v2\/media\/209470"}],"wp:attachment":[{"href":"https:\/\/diarioregionaldigital.com.br\/index.php?rest_route=%2Fwp%2Fv2%2Fmedia&parent=209469"}],"wp:term":[{"taxonomy":"category","embeddable":true,"href":"https:\/\/diarioregionaldigital.com.br\/index.php?rest_route=%2Fwp%2Fv2%2Fcategories&post=209469"},{"taxonomy":"post_tag","embeddable":true,"href":"https:\/\/diarioregionaldigital.com.br\/index.php?rest_route=%2Fwp%2Fv2%2Ftags&post=209469"}],"curies":[{"name":"wp","href":"https:\/\/api.w.org\/{rel}","templated":true}]}}