{"id":209463,"date":"2023-01-24T22:43:55","date_gmt":"2023-01-25T01:43:55","guid":{"rendered":"https:\/\/diarioregionaldigital.com.br\/?p=209463"},"modified":"2023-01-24T22:43:55","modified_gmt":"2023-01-25T01:43:55","slug":"preco-de-combustiveis-tem-queda-nos-postos-de-gasolina-diz-anp","status":"publish","type":"post","link":"https:\/\/diarioregionaldigital.com.br\/?p=209463","title":{"rendered":"Pre\u00e7o de combust\u00edveis tem queda nos postos de gasolina, diz ANP"},"content":{"rendered":"<p>O pre\u00e7o m\u00e9dio do litro da gasolina vendido nos postos do pa\u00eds teve queda de R$ 5,04 para R$ 4,98 na semana de 15 a 21 de janeiro, segundo balan\u00e7o da Ag\u00eancia Nacional do Petr\u00f3leo, G\u00e1s Natural e Biocombust\u00edveis (ANP).<img decoding=\"async\" src=\"https:\/\/agenciabrasil.ebc.com.br\/ebc.png?id=1505794&amp;o=node\" \/><img decoding=\"async\" src=\"https:\/\/agenciabrasil.ebc.com.br\/ebc.gif?id=1505794&amp;o=node\" \/><\/p>\n<p>O pre\u00e7o m\u00ednimo de revenda da gasolina encontrado pela ANP foi R$ 4,15 e o m\u00e1ximo, R$ 6,99.<\/p>\n<p>O pre\u00e7o m\u00e9dio do litro do etanol caiu de R$ 3,94 para R$ R$ 3,85. O valor mais alto pesquisado pela ag\u00eancia foi de R$ 6,57 e o m\u00ednimo, R$ 3,15.<\/p>\n<p>J\u00e1 o valor m\u00e9dio do litro do diesel passou de R$ 6,36 para R$ 6,32. O pre\u00e7o mais alto encontrado nos postos foi de R$ 7,99 e o mais baixo, de R$ 5,39.<\/p>\n<h2>Reajuste<\/h2>\n<p>A Petrobras\u00a0<a href=\"https:\/\/agenciabrasil.ebc.com.br\/economia\/noticia\/2023-01\/petrobras-aumenta-preco-de-venda-de-gasolina-para-distribuidoras\" target=\"_blank\" rel=\"noopener\">anunciou hoje (24) reajuste no pre\u00e7o<\/a>\u00a0da gasolina nas distribuidoras. A partir de amanh\u00e3 (25), o valor m\u00e9dio de venda de gasolina A da Petrobras para as distribuidoras passar\u00e1 de R$ 3,08 para R$ 3,31 por litro, aumento de R$ 0,23 por litro.<\/p>\n<p><span style=\"font-weight: 400;\">Fonte: Ag\u00eancia Brasil<\/span><\/p>\n","protected":false},"excerpt":{"rendered":"<p>O pre\u00e7o m\u00e9dio do litro da gasolina vendido nos postos do pa\u00eds teve queda de R$ 5,04 para R$ 4,98 na semana de 15 a 21 de janeiro, segundo balan\u00e7o da Ag\u00eancia Nacional do Petr\u00f3leo, G\u00e1s Natural e Biocombust\u00edveis (ANP). O pre\u00e7o m\u00ednimo de revenda da gasolina encontrado pela ANP foi R$ 4,15 e o [&hellip;]<\/p>\n","protected":false},"author":246,"featured_media":209464,"comment_status":"closed","ping_status":"closed","sticky":false,"template":"","format":"standard","meta":{"footnotes":""},"categories":[436,261,439],"tags":[],"class_list":["post-209463","post","type-post","status-publish","format-standard","has-post-thumbnail","hentry","category-destaque-da-semana","category-economia","category-ultima-hora"],"_links":{"self":[{"href":"https:\/\/diarioregionaldigital.com.br\/index.php?rest_route=\/wp\/v2\/posts\/209463","targetHints":{"allow":["GET"]}}],"collection":[{"href":"https:\/\/diarioregionaldigital.com.br\/index.php?rest_route=\/wp\/v2\/posts"}],"about":[{"href":"https:\/\/diarioregionaldigital.com.br\/index.php?rest_route=\/wp\/v2\/types\/post"}],"author":[{"embeddable":true,"href":"https:\/\/diarioregionaldigital.com.br\/index.php?rest_route=\/wp\/v2\/users\/246"}],"replies":[{"embeddable":true,"href":"https:\/\/diarioregionaldigital.com.br\/index.php?rest_route=%2Fwp%2Fv2%2Fcomments&post=209463"}],"version-history":[{"count":1,"href":"https:\/\/diarioregionaldigital.com.br\/index.php?rest_route=\/wp\/v2\/posts\/209463\/revisions"}],"predecessor-version":[{"id":209465,"href":"https:\/\/diarioregionaldigital.com.br\/index.php?rest_route=\/wp\/v2\/posts\/209463\/revisions\/209465"}],"wp:featuredmedia":[{"embeddable":true,"href":"https:\/\/diarioregionaldigital.com.br\/index.php?rest_route=\/wp\/v2\/media\/209464"}],"wp:attachment":[{"href":"https:\/\/diarioregionaldigital.com.br\/index.php?rest_route=%2Fwp%2Fv2%2Fmedia&parent=209463"}],"wp:term":[{"taxonomy":"category","embeddable":true,"href":"https:\/\/diarioregionaldigital.com.br\/index.php?rest_route=%2Fwp%2Fv2%2Fcategories&post=209463"},{"taxonomy":"post_tag","embeddable":true,"href":"https:\/\/diarioregionaldigital.com.br\/index.php?rest_route=%2Fwp%2Fv2%2Ftags&post=209463"}],"curies":[{"name":"wp","href":"https:\/\/api.w.org\/{rel}","templated":true}]}}