{"id":209457,"date":"2023-01-24T22:39:59","date_gmt":"2023-01-25T01:39:59","guid":{"rendered":"https:\/\/diarioregionaldigital.com.br\/?p=209457"},"modified":"2023-01-24T22:39:59","modified_gmt":"2023-01-25T01:39:59","slug":"dolar-cai-para-r-514-com-entrada-de-fluxos-no-pais","status":"publish","type":"post","link":"https:\/\/diarioregionaldigital.com.br\/?p=209457","title":{"rendered":"D\u00f3lar cai para R$ 5,14 com entrada de fluxos no pa\u00eds"},"content":{"rendered":"<p>Num dia de euforia no mercado financeiro, o d\u00f3lar caiu para a terceira menor cota\u00e7\u00e3o do ano com o aumento da entrada de fluxos externos no pa\u00eds. A bolsa de valores fechou no maior n\u00edvel em mais de dois meses, puxada por a\u00e7\u00f5es de empresas varejistas.<img decoding=\"async\" src=\"https:\/\/agenciabrasil.ebc.com.br\/ebc.png?id=1505891&amp;o=node\" \/><img decoding=\"async\" src=\"https:\/\/agenciabrasil.ebc.com.br\/ebc.gif?id=1505891&amp;o=node\" \/><\/p>\n<p>O d\u00f3lar comercial encerrou esta ter\u00e7a-feira (24) vendido a R$ 5,143, com queda de R$ 0,057 (-1,1%). A cota\u00e7\u00e3o chegou a abrir em alta, a R$ 5,21, mas reverteu o movimento nos primeiros minutos de negocia\u00e7\u00e3o e caiu durante o restante do dia. Com o aumento da entrada de capitais externos e a queda da moeda norte-americana no exterior, o d\u00f3lar passou a operar abaixo de R$ 5,15 perto do fim das negocia\u00e7\u00f5es.<\/p>\n<p>A divisa est\u00e1 no terceiro menor valor do ano, perdendo apenas para alguns dias de duas semanas atr\u00e1s, quando havia fechado em torno de R$ 5,10. A moeda norte-americana acumula queda de 1,1% em 2023.<\/p>\n<p>O mercado de a\u00e7\u00f5es teve um dia de ganhos e recuperou-se ap\u00f3s dois dias de queda. O \u00edndice Ibovespa, da B3, fechou aos 113.028 pontos, com alta de 1,16%. Apesar do recuo de a\u00e7\u00f5es de mineradoras e petroleiras, prejudicadas por causa da queda das\u00a0<em>commodities<\/em>\u00a0(bens prim\u00e1rios com cota\u00e7\u00e3o internacional), o indicador avan\u00e7ou puxado por a\u00e7\u00f5es de empresas ligadas ao varejo.<\/p>\n<p>A bolsa brasileira est\u00e1 no maior n\u00edvel desde 14 de novembro. Os investidores aproveitaram a queda de algumas a\u00e7\u00f5es dos \u00faltimos dias para adquirirem pap\u00e9is mais baratos.<\/p>\n<p>V\u00e1rios fatores influenciaram a queda do d\u00f3lar e a alta da bolsa. No Brasil, a divulga\u00e7\u00e3o da pr\u00e9via da infla\u00e7\u00e3o oficial foi bem recebida pelos investidores. O \u00cdndice de Pre\u00e7os ao Consumidor Amplo-15 (IPCA-15)\u00a0<a href=\"https:\/\/agenciabrasil.ebc.com.br\/economia\/noticia\/2023-01\/ibge-previa-da-inflacao-ficou-em-055-em-janeiro\" target=\"_blank\" rel=\"noopener\">fechou janeiro em 0,55%<\/a>. Apesar de o indicador ter subido, principalmente por causa de alimentos, a infla\u00e7\u00e3o dos servi\u00e7os est\u00e1 come\u00e7ando a ceder.<\/p>\n<p>No exterior, prevaleceu novamente a expectativa de que o Federal Reserve (Fed, Banco Central norte-americano) desacelerar\u00e1 as altas de juros e reajustar\u00e1 as taxas b\u00e1sicas dos Estados Unidos em 0,25 ponto percentual na reuni\u00e3o da pr\u00f3xima semana. Um reajuste menor favorece pa\u00edses emergentes, como o Brasil.<\/p>\n<p><span style=\"font-weight: 400;\">Fonte: Ag\u00eancia Brasil<\/span><\/p>\n","protected":false},"excerpt":{"rendered":"<p>Num dia de euforia no mercado financeiro, o d\u00f3lar caiu para a terceira menor cota\u00e7\u00e3o do ano com o aumento da entrada de fluxos externos no pa\u00eds. A bolsa de valores fechou no maior n\u00edvel em mais de dois meses, puxada por a\u00e7\u00f5es de empresas varejistas. O d\u00f3lar comercial encerrou esta ter\u00e7a-feira (24) vendido a [&hellip;]<\/p>\n","protected":false},"author":246,"featured_media":209458,"comment_status":"closed","ping_status":"closed","sticky":false,"template":"","format":"standard","meta":{"footnotes":""},"categories":[436,261,439],"tags":[],"class_list":["post-209457","post","type-post","status-publish","format-standard","has-post-thumbnail","hentry","category-destaque-da-semana","category-economia","category-ultima-hora"],"_links":{"self":[{"href":"https:\/\/diarioregionaldigital.com.br\/index.php?rest_route=\/wp\/v2\/posts\/209457","targetHints":{"allow":["GET"]}}],"collection":[{"href":"https:\/\/diarioregionaldigital.com.br\/index.php?rest_route=\/wp\/v2\/posts"}],"about":[{"href":"https:\/\/diarioregionaldigital.com.br\/index.php?rest_route=\/wp\/v2\/types\/post"}],"author":[{"embeddable":true,"href":"https:\/\/diarioregionaldigital.com.br\/index.php?rest_route=\/wp\/v2\/users\/246"}],"replies":[{"embeddable":true,"href":"https:\/\/diarioregionaldigital.com.br\/index.php?rest_route=%2Fwp%2Fv2%2Fcomments&post=209457"}],"version-history":[{"count":1,"href":"https:\/\/diarioregionaldigital.com.br\/index.php?rest_route=\/wp\/v2\/posts\/209457\/revisions"}],"predecessor-version":[{"id":209459,"href":"https:\/\/diarioregionaldigital.com.br\/index.php?rest_route=\/wp\/v2\/posts\/209457\/revisions\/209459"}],"wp:featuredmedia":[{"embeddable":true,"href":"https:\/\/diarioregionaldigital.com.br\/index.php?rest_route=\/wp\/v2\/media\/209458"}],"wp:attachment":[{"href":"https:\/\/diarioregionaldigital.com.br\/index.php?rest_route=%2Fwp%2Fv2%2Fmedia&parent=209457"}],"wp:term":[{"taxonomy":"category","embeddable":true,"href":"https:\/\/diarioregionaldigital.com.br\/index.php?rest_route=%2Fwp%2Fv2%2Fcategories&post=209457"},{"taxonomy":"post_tag","embeddable":true,"href":"https:\/\/diarioregionaldigital.com.br\/index.php?rest_route=%2Fwp%2Fv2%2Ftags&post=209457"}],"curies":[{"name":"wp","href":"https:\/\/api.w.org\/{rel}","templated":true}]}}