{"id":209440,"date":"2023-01-24T01:35:02","date_gmt":"2023-01-24T04:35:02","guid":{"rendered":"https:\/\/diarioregionaldigital.com.br\/?p=209440"},"modified":"2023-01-24T01:35:02","modified_gmt":"2023-01-24T04:35:02","slug":"prefeitura-atua-na-mitigacao-de-danos-no-bairro-mariano-procopio","status":"publish","type":"post","link":"https:\/\/diarioregionaldigital.com.br\/?p=209440","title":{"rendered":"Prefeitura atua na mitiga\u00e7\u00e3o de danos no bairro Mariano Proc\u00f3pio"},"content":{"rendered":"<p>Segundo informa\u00e7\u00f5es do site da Prefeitura de Juiz de Fora (PJF), a Prefeitura de Juiz de Fora (PJF) atua desde as 21h deste domingo, 22, na regi\u00e3o do bairro Mariano Proc\u00f3pio, nos trechos atingidos pelo transbordamento do c\u00f3rrego S\u00e3o Pedro, que atravessa a regi\u00e3o. Desde os primeiros minutos, equipes da Guarda Municipal, agentes de Tr\u00e2nsito e da Defesa Civil estiveram no local, atendendo a popula\u00e7\u00e3o e organizando o fluxo de tr\u00e2nsito.<\/p>\n<p>O transbordamento do c\u00f3rrego ocorreu devido \u00e0s fortes chuvas que atingiram o bairro S\u00e3o Pedro e Zona Oeste da cidade. O volume de chuva registrado neste domingo foi maior sob a bacia de S\u00e3o Pedro. No pluvi\u00f4metro do Inmet, localizado na UFJF, em S\u00e3o Pedro choveu cerca de 50mm em uma hora. Em 24h, foram registrados 58,47 mm. O grande volume de \u00e1gua acabou saindo da calha na regi\u00e3o do Mariano Proc\u00f3pio, particularmente na Rua Feliciano Pena, mas alcan\u00e7ando a Avenida Brasil e a Avenida Rui Barbosa. Durante a noite, a Rua Feliciano Pena foi interditada para o tr\u00e1fego de carros e pessoas.<\/p>\n<p>Desde pr\u00f3ximo \u00e0s 22h, registra-se a redu\u00e7\u00e3o do n\u00edvel da \u00e1gua no c\u00f3rrego S\u00e3o Pedro, com o escoamento progressivo do alagamento pelo sistema de drenagem local. Ato seguinte, as equipes do Demlurb iniciaram o processo de limpeza das ruas que foi terminado nesta madrugada. A Defesa Civil acompanha a situa\u00e7\u00e3o de fam\u00edlias eventualmente atingidas.<\/p>\n","protected":false},"excerpt":{"rendered":"<p>Segundo informa\u00e7\u00f5es do site da Prefeitura de Juiz de Fora (PJF), a Prefeitura de Juiz de Fora (PJF) atua desde as 21h deste domingo, 22, na regi\u00e3o do bairro Mariano Proc\u00f3pio, nos trechos atingidos pelo transbordamento do c\u00f3rrego S\u00e3o Pedro, que atravessa a regi\u00e3o. Desde os primeiros minutos, equipes da Guarda Municipal, agentes de Tr\u00e2nsito [&hellip;]<\/p>\n","protected":false},"author":246,"featured_media":209441,"comment_status":"closed","ping_status":"closed","sticky":false,"template":"","format":"standard","meta":{"footnotes":""},"categories":[253,436,439],"tags":[],"class_list":["post-209440","post","type-post","status-publish","format-standard","has-post-thumbnail","hentry","category-cidade","category-destaque-da-semana","category-ultima-hora"],"_links":{"self":[{"href":"https:\/\/diarioregionaldigital.com.br\/index.php?rest_route=\/wp\/v2\/posts\/209440","targetHints":{"allow":["GET"]}}],"collection":[{"href":"https:\/\/diarioregionaldigital.com.br\/index.php?rest_route=\/wp\/v2\/posts"}],"about":[{"href":"https:\/\/diarioregionaldigital.com.br\/index.php?rest_route=\/wp\/v2\/types\/post"}],"author":[{"embeddable":true,"href":"https:\/\/diarioregionaldigital.com.br\/index.php?rest_route=\/wp\/v2\/users\/246"}],"replies":[{"embeddable":true,"href":"https:\/\/diarioregionaldigital.com.br\/index.php?rest_route=%2Fwp%2Fv2%2Fcomments&post=209440"}],"version-history":[{"count":1,"href":"https:\/\/diarioregionaldigital.com.br\/index.php?rest_route=\/wp\/v2\/posts\/209440\/revisions"}],"predecessor-version":[{"id":209442,"href":"https:\/\/diarioregionaldigital.com.br\/index.php?rest_route=\/wp\/v2\/posts\/209440\/revisions\/209442"}],"wp:featuredmedia":[{"embeddable":true,"href":"https:\/\/diarioregionaldigital.com.br\/index.php?rest_route=\/wp\/v2\/media\/209441"}],"wp:attachment":[{"href":"https:\/\/diarioregionaldigital.com.br\/index.php?rest_route=%2Fwp%2Fv2%2Fmedia&parent=209440"}],"wp:term":[{"taxonomy":"category","embeddable":true,"href":"https:\/\/diarioregionaldigital.com.br\/index.php?rest_route=%2Fwp%2Fv2%2Fcategories&post=209440"},{"taxonomy":"post_tag","embeddable":true,"href":"https:\/\/diarioregionaldigital.com.br\/index.php?rest_route=%2Fwp%2Fv2%2Ftags&post=209440"}],"curies":[{"name":"wp","href":"https:\/\/api.w.org\/{rel}","templated":true}]}}